{"id":1022,"date":"2024-12-16T08:50:08","date_gmt":"2024-12-16T07:50:08","guid":{"rendered":"https:\/\/altzaxxi.org\/?p=1022"},"modified":"2024-12-20T20:31:23","modified_gmt":"2024-12-20T19:31:23","slug":"no-mas-masificacion-concentracion","status":"publish","type":"post","link":"https:\/\/altzaxxi.org\/index.php\/es\/2024\/12\/16\/no-mas-masificacion-concentracion\/","title":{"rendered":"CONCENTRACI\u00d3N \u00abNo m\u00e1s masificaci\u00f3n\u00bb"},"content":{"rendered":"\n<p> El domingo 15 de diciembre, respondiendo a la convocatoria de 20 asociaciones del Distrito Este (Altza, Mirakruz, Bidebieta, Intxaurrondo), nos hemos reunido <strong>en Altza varios cientos de personas reclamando del ayuntamiento de Donostia la reconsideraci\u00f3n de las propuestas del avance del Plan General de Ordenaci\u00f3n Urbana.<\/strong><\/p>\n\n\n\n<p>La cita era a las 12,30 en el parque Harria. Previamente se ha realizado un paseo por Auditz-Akular para todas las personas que quisieran conocer sus valores ecol\u00f3gicos y su estado natural, con la asistencia del t\u00e9cnico redactor del estudio sobre los valores ecosist\u00e9micos de la zona.<\/p>\n\n\n\n<p>En el acto se ha agradecido la asistencia a todas las personas participantes y se han le\u00eddo los <strong>motivos de oposici\u00f3n a las intenciones del plan general de incrementar el parque de vivienda en un 50 % en Altza, que conlleva un aumento de poblaci\u00f3n de m\u00e1s de 10.000 personas.<\/strong><\/p>\n\n\n\n<p><strong>La cr\u00edtica general se ha dirigido a la falta de atenci\u00f3n y desidia del ayuntamiento para con los barrios del Distrito este, la escasez de espacios libres y zonas verdes, la dotaci\u00f3n insuficiente de equipamientos, los problemas de movilidad, la desertizaci\u00f3n de puestos de trabajo y otros s\u00edntomas de un tratamiento como los suburbios de la ciudad.<\/strong><\/p>\n\n\n\n<p>Finalmente, se ha realizado una concentraci\u00f3n ruidosa de 10 minutos tras una pancarta en defensa de Auditz-Akular, en contra de la masificaci\u00f3n y demandando la regeneraci\u00f3n de los barrios del Distrito este. Se ha distribuido el texto de las sugerencias de las asociaciones convocantes y se han recogido firmas de apoyo de la ciudadan\u00eda tanto presencialmente como v\u00eda telem\u00e1tica. <strong>&nbsp;En los pr\u00f3ximos d\u00edas presentaremos en el ayuntamiento estas sugerencias.<\/strong><\/p>\n\n\n\n<p>Hemos finalizado el acto animando a las personas asistentes a participar en pr\u00f3ximas convocatorias \u201cporque estamos a tiempo de parar este Plan\u201d que es <strong>desequilibrado, insostenible, no inclusivo y contrario a la cohesi\u00f3n social para Altza y todo el Distrito este.<\/strong><\/p>\n\n\n\n<p>Asimismo, se anima al resto de la poblaci\u00f3n de la ciudad a firmar y secundar de manera solidaria la sugerencia de Altza, porque est\u00e1 en juego el futuro de tod@s.<\/p>\n\n\n\n<figure class=\"wp-block-gallery has-nested-images columns-default is-cropped wp-block-gallery-1 is-layout-flex wp-block-gallery-is-layout-flex\">\n<figure class=\"wp-block-image size-large\"><img loading=\"lazy\" decoding=\"async\" width=\"1024\" height=\"577\" data-id=\"1027\" src=\"https:\/\/altzaxxi.org\/wp-content\/uploads\/2024\/12\/IMG-20241215-WA0007-1024x577.jpg\" alt=\"\" class=\"wp-image-1027\" srcset=\"https:\/\/altzaxxi.org\/wp-content\/uploads\/2024\/12\/IMG-20241215-WA0007-1024x577.jpg 1024w, https:\/\/altzaxxi.org\/wp-content\/uploads\/2024\/12\/IMG-20241215-WA0007-300x169.jpg 300w, https:\/\/altzaxxi.org\/wp-content\/uploads\/2024\/12\/IMG-20241215-WA0007-768x432.jpg 768w, https:\/\/altzaxxi.org\/wp-content\/uploads\/2024\/12\/IMG-20241215-WA0007-1536x865.jpg 1536w, https:\/\/altzaxxi.org\/wp-content\/uploads\/2024\/12\/IMG-20241215-WA0007.jpg 1600w\" sizes=\"auto, (max-width: 1024px) 100vw, 1024px\" \/><\/figure>\n\n\n\n<figure class=\"wp-block-image size-large\"><img loading=\"lazy\" decoding=\"async\" width=\"1024\" height=\"577\" data-id=\"1026\" src=\"https:\/\/altzaxxi.org\/wp-content\/uploads\/2024\/12\/IMG-20241215-WA0005-1024x577.jpg\" alt=\"\" class=\"wp-image-1026\" srcset=\"https:\/\/altzaxxi.org\/wp-content\/uploads\/2024\/12\/IMG-20241215-WA0005-1024x577.jpg 1024w, https:\/\/altzaxxi.org\/wp-content\/uploads\/2024\/12\/IMG-20241215-WA0005-300x169.jpg 300w, https:\/\/altzaxxi.org\/wp-content\/uploads\/2024\/12\/IMG-20241215-WA0005-768x432.jpg 768w, https:\/\/altzaxxi.org\/wp-content\/uploads\/2024\/12\/IMG-20241215-WA0005-1536x865.jpg 1536w, https:\/\/altzaxxi.org\/wp-content\/uploads\/2024\/12\/IMG-20241215-WA0005.jpg 1600w\" sizes=\"auto, (max-width: 1024px) 100vw, 1024px\" \/><\/figure>\n\n\n\n<figure class=\"wp-block-image size-large\"><img loading=\"lazy\" decoding=\"async\" width=\"1024\" height=\"577\" data-id=\"1025\" src=\"https:\/\/altzaxxi.org\/wp-content\/uploads\/2024\/12\/IMG-20241215-WA0002-1024x577.jpg\" alt=\"\" class=\"wp-image-1025\" srcset=\"https:\/\/altzaxxi.org\/wp-content\/uploads\/2024\/12\/IMG-20241215-WA0002-1024x577.jpg 1024w, https:\/\/altzaxxi.org\/wp-content\/uploads\/2024\/12\/IMG-20241215-WA0002-300x169.jpg 300w, https:\/\/altzaxxi.org\/wp-content\/uploads\/2024\/12\/IMG-20241215-WA0002-768x432.jpg 768w, https:\/\/altzaxxi.org\/wp-content\/uploads\/2024\/12\/IMG-20241215-WA0002-1536x865.jpg 1536w, https:\/\/altzaxxi.org\/wp-content\/uploads\/2024\/12\/IMG-20241215-WA0002.jpg 1600w\" sizes=\"auto, (max-width: 1024px) 100vw, 1024px\" \/><\/figure>\n<figcaption class=\"blocks-gallery-caption wp-element-caption\"><em>Concentraci\u00f3n realizada el domingo 15 de diciembre 2024 en el parque Harria.<\/em><\/figcaption><\/figure>\n\n\n\n<p><\/p>\n\n\n\n<p><\/p>\n\n\n\n<p><strong>SUGERENCIA AL PLAN GENERAL DE DONOSTIA POR SER DESEQUILIBRADO E INSOSTENIBLE PARA ALTZA Y EL DISTRITO ESTE<\/strong><\/p>\n\n\n\n<p>&#8211; <strong>El Avance del Plan General de Ordenaci\u00f3n Urbana no responde a las necesidades de Altza y, adem\u00e1s, agravar\u00e1 la situaci\u00f3n de fuerte desequilibrio respecto a la ciudad<\/strong>. En todo Donostia se quieren construir cerca de 10.000 viviendas, <strong>la mitad de ellas estar\u00edan concentradas en Altza.<\/strong><\/p>\n\n\n\n<p>&#8211; <strong>En el Distrito Este (Altza, Intxaurrondo, Mirakruz-Bidebieta) se proyecta construir un total de 5.360 nuevas viviendas<\/strong>. En Altza se har\u00edan 4.105 y de ellas 3.249 est\u00e1n previstas en la macrourbanizaci\u00f3n de Auditz- Akular y Esnabide; y otras 856 repartidas por distintos barrios de Altza, como Jolastokieta (Zardoya-Otis), Oleta, Alfe, Erroteta, Txingurri y Herrera. En Intxaurrondo 1.255 viviendas m\u00e1s. Ninguna en Bidebieta.<\/p>\n\n\n\n<p>&#8211; <strong>En Altza las nuevas viviendas supondr\u00eda hacer un 50% m\u00e1s de las que ya hay, <\/strong>que en la actualidad hay 8.246 (2019). Ello agravar\u00e1 a\u00fan m\u00e1s la situaci\u00f3n de nuestros barrios, los m\u00e1s altamente densificados de la ciudad sin m\u00e1s zona verde que el parque Harria.<\/p>\n\n\n\n<p>&#8211; Si calculamos 2,5 personas por vivienda nueva <strong>en Altza,<\/strong> <strong>la nueva poblaci\u00f3n ascender\u00eda a 10.262<\/strong> <strong>personas<\/strong>, es decir, <strong>aumentar\u00eda m\u00e1s del 50% la poblaci\u00f3n actual,&nbsp; <\/strong>de 20.258 habitantes en la actualidad (2019) <strong>pasar\u00edamos a ser m\u00e1s de 30.000.<\/strong><\/p>\n\n\n\n<p>&#8211; <strong>Este Plan<\/strong> <strong>no invierte en solucionar insuficiencias actuales, hist\u00f3ricas, de Altza y del Distrito Este, que se agravar\u00e1n en el futuro: <\/strong>escasez de espacios libres y zonas verdes, de equipamientos sanitarios, asistenciales, culturales, educativos, deportivos, aparcamientos, problemas graves de accesibilidad y movilidad,\u2026 \u00a1quieren que sigamos siendo una zona de la periferia de tercera clase!<strong> \u00a1Necesitamos una regeneraci\u00f3n de nuestros barrios!<\/strong><\/p>\n\n\n\n<p><strong>&#8211; Este dise\u00f1o del Plan en Altza no responde a lo que dice en su propia filosof\u00eda y mucho menos satisface las necesidades de nuestros barrios; no se puede ocupar Auditz-Akular, es lo que queda de nuestra zona rural, no urbanizada, singular; \u00a1nuestro pulm\u00f3n verde !<\/strong><\/p>\n\n\n\n<p><strong>&#8211; La vivienda que necesita Donostia es protegida, no libre, y tiene que intercalarse en toda la ciudad, en edificios actualmente vac\u00edos y en todos los barrios y zonas, no concentrarse en ghetos.<\/strong><\/p>\n\n\n\n<p><strong>Asociaciones firmantes:<\/strong><\/p>\n\n\n\n<p><em>Altzako Historia Mintegia (AHM), Altza XXI Herri Ekimena; asociaciones vecinales de Altza, Elkartasuna, Buenavista, Gure Bidea, Herripe, Lodabe (Lorete-Darieta-Berra), Oleta, Osteguna; de Bidebieta Bideak; de Intxaurrondo IZBE, Marruelkar e Intxaurdi; asociaciones culturales Altzania y Showtime; Bizarrain euskara elkartea; asociaciones de mujeres y feministas Intxaurrondo Berri, Ostadar, Elkartea Berri, Plazandreok.<\/em><\/p>\n","protected":false},"excerpt":{"rendered":"<p>Convocados por 20 asociaciones del Distrito este, cientos de personas nos hemos reunido para decir no al Plan General de Ordenaci\u00f3n Urbana de Donostia. Altza no soporta m\u00e1s masificaci\u00f3n.  Regeneraci\u00f3n de nuestros barrios ya. <\/p>\n","protected":false},"author":1,"featured_media":921,"comment_status":"open","ping_status":"open","sticky":false,"template":"","format":"standard","meta":{"footnotes":""},"categories":[22,30],"tags":[],"class_list":["post-1022","post","type-post","status-publish","format-standard","has-post-thumbnail","hentry","category-actividades-es","category-opinion-noticias"],"_links":{"self":[{"href":"https:\/\/altzaxxi.org\/index.php\/wp-json\/wp\/v2\/posts\/1022","targetHints":{"allow":["GET"]}}],"collection":[{"href":"https:\/\/altzaxxi.org\/index.php\/wp-json\/wp\/v2\/posts"}],"about":[{"href":"https:\/\/altzaxxi.org\/index.php\/wp-json\/wp\/v2\/types\/post"}],"author":[{"embeddable":true,"href":"https:\/\/altzaxxi.org\/index.php\/wp-json\/wp\/v2\/users\/1"}],"replies":[{"embeddable":true,"href":"https:\/\/altzaxxi.org\/index.php\/wp-json\/wp\/v2\/comments?post=1022"}],"version-history":[{"count":6,"href":"https:\/\/altzaxxi.org\/index.php\/wp-json\/wp\/v2\/posts\/1022\/revisions"}],"predecessor-version":[{"id":1044,"href":"https:\/\/altzaxxi.org\/index.php\/wp-json\/wp\/v2\/posts\/1022\/revisions\/1044"}],"wp:featuredmedia":[{"embeddable":true,"href":"https:\/\/altzaxxi.org\/index.php\/wp-json\/wp\/v2\/media\/921"}],"wp:attachment":[{"href":"https:\/\/altzaxxi.org\/index.php\/wp-json\/wp\/v2\/media?parent=1022"}],"wp:term":[{"taxonomy":"category","embeddable":true,"href":"https:\/\/altzaxxi.org\/index.php\/wp-json\/wp\/v2\/categories?post=1022"},{"taxonomy":"post_tag","embeddable":true,"href":"https:\/\/altzaxxi.org\/index.php\/wp-json\/wp\/v2\/tags?post=1022"}],"curies":[{"name":"wp","href":"https:\/\/api.w.org\/{rel}","templated":true}]}}