{"id":1197,"date":"2025-04-26T12:00:07","date_gmt":"2025-04-26T10:00:07","guid":{"rendered":"https:\/\/altzaxxi.org\/?p=1197"},"modified":"2025-05-19T20:52:58","modified_gmt":"2025-05-19T18:52:58","slug":"auditz-akular-dia-del-parque","status":"publish","type":"post","link":"https:\/\/altzaxxi.org\/index.php\/es\/2025\/04\/26\/auditz-akular-dia-del-parque\/","title":{"rendered":"Auditz-Akular D\u00cdA DEL PARQUE"},"content":{"rendered":"\n<p>En defensa del espacio natural Auditz-Akular, el s\u00e1bado 24 de MAYO celebraremos el d\u00eda del parque Auditz-Akular, aprovechando que es el d\u00eda Europeo de los Parques Naturales. Para ello queremos realizar varios trabajos en el parque Eguzkitza (\u00abcampo de las pistolas\u00bb) a partir de las 10:00 de la ma\u00f1ana en AUZOLAN: poner mesas de picnic, cortar la hierba y la maleza, y colocar el cartel del parque Eguzkitza. Pero no todo ser\u00e1 trabajo, tambi\u00e9n tendremos FIESTA, m\u00fasica, comida, trikitilaris y tambi\u00e9n tendremos una Sorpresa, ya que contaremos con la VISITA DE PORROTX.<\/p>\n\n\n\n<p>Habr\u00e1 pintxos y bebidas, pero si quieres pasar el d\u00eda en las campas de Eguzkitza puedes traer tu comida y disfrutar del maravilloso entorno. <\/p>\n\n\n\n<figure class=\"wp-block-image size-full\"><img loading=\"lazy\" decoding=\"async\" width=\"595\" height=\"843\" src=\"http:\/\/altzaxxi.org\/wp-content\/uploads\/2025\/04\/A-A-eguna-2025-maiatzak-24-JPG.jpg\" alt=\"\" class=\"wp-image-1195\" srcset=\"https:\/\/altzaxxi.org\/wp-content\/uploads\/2025\/04\/A-A-eguna-2025-maiatzak-24-JPG.jpg 595w, https:\/\/altzaxxi.org\/wp-content\/uploads\/2025\/04\/A-A-eguna-2025-maiatzak-24-JPG-212x300.jpg 212w\" sizes=\"auto, (max-width: 595px) 100vw, 595px\" \/><\/figure>\n\n\n\n<p><strong>D\u00cdA DE AUDITZ-AKULAR<\/strong><\/p>\n\n\n\n<p>En las campas de Eguzkitza vamos a reivindicar Auditz-Akular y su car\u00e1cter de espacio natural necesitado de preservaci\u00f3n que debe quedar al margen de la urbanizaci\u00f3n.<\/p>\n\n\n\n<p>En un reciente estudio sobre los valores ecosociales del entorno se ha concluido que estamos ante un territorio de gran valor:<\/p>\n\n\n\n<ul class=\"wp-block-list\">\n<li>100 hect\u00e1reas de refugio clim\u00e1tico,\u00a0<\/li>\n\n\n\n<li>soporte para el suministro de alimento a 2.000-3.000 personas,<\/li>\n\n\n\n<li>kilometro \u201c0\u201d para altzatarras y pasaitarras en 23 hect\u00e1reas de alto valor agrol\u00f3gico y 50 de pradera,\u00a0<\/li>\n\n\n\n<li>supone 51.058 Tn. de CO2 retenidas. \u00a0<\/li>\n\n\n\n<li>hito paisaj\u00edstico de Donostia Este,<\/li>\n\n\n\n<li>ecosistema de multitud de especies animales, aves e invertebrados, incluso alguna protegida por la normativa europea como el Gran Capricornio (<em>Cerambyx cerdo)<\/em><\/li>\n\n\n\n<li>presenta valores altos para el mantenimiento de h\u00e1bitats,<\/li>\n\n\n\n<li>el valle de Pasai-Antxo-Molinao y sus bosques tienen un alto valor de regulaci\u00f3n hidrol\u00f3gica,<\/li>\n\n\n\n<li>\u00a0presenta valores altos en la protecci\u00f3n contra incendios,<\/li>\n\n\n\n<li>espacio de ocio y esparcimiento de una comunidad de m\u00e1s de 25.000 habitantes.<\/li>\n<\/ul>\n\n\n\n<p>En definitiva, una joya que se debe preservar.<\/p>\n\n\n\n<p>En la fiesta que se iniciar\u00e1 a las 10 de la ma\u00f1ana con el montaje de unas mesas de pic-nic y la inauguraci\u00f3n del panel del parque de Eguzkitza, intervendr\u00e1 Porrotx, amigo de Auditz-Akular que ya acudi\u00f3 en 2010 para el comienzo de la campa\u00f1a de la banderola verde.<\/p>\n\n\n\n<p>En esta ocasi\u00f3n, tambi\u00e9n anunciamos el inicio de una nueva campa\u00f1a que impulsar\u00e1 colgar banderolas verdes de los balcones de Altza para exigir m\u00e1s zonas verdes y menos cemento y hormig\u00f3n. En esta l\u00ednea, desde Altza XXI hemos mostrado p\u00fablicamente nuestra repulsa a las intenciones del Ayuntamiento que en la redacci\u00f3n del nuevo Plan General vuelve a amenazar con m\u00e1s de 4.200 nuevas viviendas en Altza, aumentando en un 50 % el parque de vivienda y de poblaci\u00f3n en \u00e1mbitos en los que ya no cabe mayor densidad de vivienda (Oleta, Roteta, Zardoya-Otis &#8230;).<\/p>\n\n\n\n<p>Invitamos a todas y todos los altzatarras, pasaitarras y donostiarras a celebrar este gran d\u00eda festivo y reivindicativo.<\/p>\n","protected":false},"excerpt":{"rendered":"<p>El 24 de mayo celebraremos el d\u00eda del parque Auditz-Akular. En el parque Eguzkitza queremos realizar diferentes trabajos y fiesta en auzolan. Tu participaci\u00f3n es fundamental. \u00a1An\u00edmate!<\/p>\n","protected":false},"author":1,"featured_media":1195,"comment_status":"open","ping_status":"open","sticky":false,"template":"","format":"standard","meta":{"footnotes":""},"categories":[22,84,94],"tags":[],"class_list":["post-1197","post","type-post","status-publish","format-standard","has-post-thumbnail","hentry","category-actividades-es","category-auditz-akular-es","category-convocatoriasxxx"],"_links":{"self":[{"href":"https:\/\/altzaxxi.org\/index.php\/wp-json\/wp\/v2\/posts\/1197","targetHints":{"allow":["GET"]}}],"collection":[{"href":"https:\/\/altzaxxi.org\/index.php\/wp-json\/wp\/v2\/posts"}],"about":[{"href":"https:\/\/altzaxxi.org\/index.php\/wp-json\/wp\/v2\/types\/post"}],"author":[{"embeddable":true,"href":"https:\/\/altzaxxi.org\/index.php\/wp-json\/wp\/v2\/users\/1"}],"replies":[{"embeddable":true,"href":"https:\/\/altzaxxi.org\/index.php\/wp-json\/wp\/v2\/comments?post=1197"}],"version-history":[{"count":2,"href":"https:\/\/altzaxxi.org\/index.php\/wp-json\/wp\/v2\/posts\/1197\/revisions"}],"predecessor-version":[{"id":1275,"href":"https:\/\/altzaxxi.org\/index.php\/wp-json\/wp\/v2\/posts\/1197\/revisions\/1275"}],"wp:featuredmedia":[{"embeddable":true,"href":"https:\/\/altzaxxi.org\/index.php\/wp-json\/wp\/v2\/media\/1195"}],"wp:attachment":[{"href":"https:\/\/altzaxxi.org\/index.php\/wp-json\/wp\/v2\/media?parent=1197"}],"wp:term":[{"taxonomy":"category","embeddable":true,"href":"https:\/\/altzaxxi.org\/index.php\/wp-json\/wp\/v2\/categories?post=1197"},{"taxonomy":"post_tag","embeddable":true,"href":"https:\/\/altzaxxi.org\/index.php\/wp-json\/wp\/v2\/tags?post=1197"}],"curies":[{"name":"wp","href":"https:\/\/api.w.org\/{rel}","templated":true}]}}