{"id":1295,"date":"2025-05-27T17:04:28","date_gmt":"2025-05-27T15:04:28","guid":{"rendered":"https:\/\/altzaxxi.org\/?p=1295"},"modified":"2025-05-27T17:26:02","modified_gmt":"2025-05-27T15:26:02","slug":"dia-de-auditz-akular-y-trabajo-vecinal-en-eguzkitza","status":"publish","type":"post","link":"https:\/\/altzaxxi.org\/index.php\/es\/2025\/05\/27\/dia-de-auditz-akular-y-trabajo-vecinal-en-eguzkitza\/","title":{"rendered":"D\u00cdA DE AUDITZ-AKULAR Y TRABAJO VECINAL EN EGUZKITZA"},"content":{"rendered":"\n<p>PORROTX EN ALTZA, EN DEFENSA DEL \u00c1REA NATURAL DE AUDITZ-AKULAR<\/p>\n\n\n\n<p>Este fin de semana, s\u00e1bado 24 de mayo de 2025, hemos celebrado el d\u00eda y la fiesta del parque Auditz-Akular.<\/p>\n\n\n\n<p>La jornada ha transcurrido a la perfecci\u00f3n, con un tiempo precioso y un ambiente hermoso y lleno de alegr\u00eda.<\/p>\n\n\n\n<p>A partir de las 10 de la ma\u00f1ana comenzamos a juntarnos en la campa de Eguzkitza, (\u201ccampo de las pistolas\u201d) convocados desde la iniciativa ciudadana Altza XXI, vecin@s de toda Altza y de diferentes asociaciones, junto con personas de todos los barrios de Altza. Se trataba de acondicionar el parque Eguzkitza en Auzolan para el barrio, colocando unas mesas de picnic, colocando el panel del parque y adecentando la zona. Eguzkitza es un parque situado dentro de Auditz-akular, y \u00e9ste es s\u00f3lo una peque\u00f1a muestra, porque Auditz-Akular tiene 1 mill\u00f3n de metros cuadrados, casi 100 hect\u00e1reas.<\/p>\n\n\n\n<p>M\u00fasica, algo de comer y de beber, y la actuaci\u00f3n de PORROTX que nos visit\u00f3 poniendo el ambiente a tope y realizando un amplio sketch para disfrute de ni\u00f1as y ni\u00f1os, acompa\u00f1ado de l@s amig@s de Porrotx, reivindicando as\u00ed la conservaci\u00f3n del \u00e1rea natural de Auditz-Akular.<\/p>\n\n\n\n<p>De esa manera, en las intervenciones recordamos que hace 15 a\u00f1os, es decir, en 2010, se celebr\u00f3 un d\u00eda similar y que Porrotx tambi\u00e9n estuvo presente. En aquella \u00e9poca se consigui\u00f3 parar el brutal proyecto de Auditz-Akular, y &nbsp;que esta vez hay que volver a conseguirlo. &nbsp;En esta l\u00ednea se ha vuelto a extender la iniciativa a favor de la conservaci\u00f3n de la zona natural de Auditz-Akular, pidiendo a l@s vecin@s de Altza que pongan la BANDEROLA VERDE en sus balcones. A favor de las zona verdes y en contra de la construcci\u00f3n de 3000 viviendas en este territorio natural. Tambi\u00e9n se se\u00f1al\u00f3 que existen otras soluciones m\u00e1s eficaces al problema de la vivienda, antes de echarse al monte.<\/p>\n\n\n\n<p>Se record\u00f3 el trabajo de investigaci\u00f3n que ha llevado a cabo el ingeniero agr\u00f3nomo Marko Sierra y se destacaron los valores ecosociales de Auditz-Akular: Refugio clim\u00e1tico, alta calidad paisaj\u00edstica, kil\u00f3metro \u201c0\u201d, alto valor agrol\u00f3gico, soporte para el suministro de alimentos, regulaci\u00f3n hidrol\u00f3gica, espacio de ocio para una comunidad de m\u00e1s de 25.000 habitantes, BIODIVERSIDAD, ecosistema de m\u00faltiples especies, entre otros.<\/p>\n\n\n\n<p>Y al hilo de ello, se dio una buena noticia: que en el Documento de Alcance del \u00f3rgano ambiental que el Gobierno Vasco tiene que emitir en la fase de avance en el Plan General, RECOMIENDA NO CONSTRUIR en Auritz Akular. Por ser tierra agrol\u00f3gica estrat\u00e9gica y por los valores ecol\u00f3gicos de los valles. El informe recomienda proteger este \u00e1rea de 800.000 m2 de la urbanizaci\u00f3n. De cara al futuro ampliaremos este tema de una manera m\u00e1s profunda.<\/p>\n\n\n\n<p>De momento nos quedamos con el sabor de la fiesta del s\u00e1bado 24.<\/p>\n\n\n\n<p>\u00a1 Auditz-Akular \u00c1rea natural!<\/p>\n\n\n\n<figure class=\"wp-block-gallery has-nested-images columns-default is-cropped wp-block-gallery-1 is-layout-flex wp-block-gallery-is-layout-flex\">\n<figure class=\"wp-block-image size-large\"><img loading=\"lazy\" decoding=\"async\" width=\"1024\" height=\"768\" data-id=\"1281\" src=\"https:\/\/altzaxxi.org\/wp-content\/uploads\/2025\/05\/IMG-20250524-WA0062-1024x768.jpg\" alt=\"\" class=\"wp-image-1281\" srcset=\"https:\/\/altzaxxi.org\/wp-content\/uploads\/2025\/05\/IMG-20250524-WA0062-1024x768.jpg 1024w, https:\/\/altzaxxi.org\/wp-content\/uploads\/2025\/05\/IMG-20250524-WA0062-300x225.jpg 300w, https:\/\/altzaxxi.org\/wp-content\/uploads\/2025\/05\/IMG-20250524-WA0062-768x576.jpg 768w, https:\/\/altzaxxi.org\/wp-content\/uploads\/2025\/05\/IMG-20250524-WA0062-1536x1152.jpg 1536w, https:\/\/altzaxxi.org\/wp-content\/uploads\/2025\/05\/IMG-20250524-WA0062-2048x1536.jpg 2048w\" sizes=\"auto, (max-width: 1024px) 100vw, 1024px\" \/><figcaption class=\"wp-element-caption\">La banderola verde s\u00edmbolo del verde que necesitamos<\/figcaption><\/figure>\n\n\n\n<figure class=\"wp-block-image size-large\"><img loading=\"lazy\" decoding=\"async\" width=\"1024\" height=\"766\" data-id=\"1282\" src=\"https:\/\/altzaxxi.org\/wp-content\/uploads\/2025\/05\/IMG_20250524_105854-1024x766.jpg\" alt=\"\" class=\"wp-image-1282\" srcset=\"https:\/\/altzaxxi.org\/wp-content\/uploads\/2025\/05\/IMG_20250524_105854-1024x766.jpg 1024w, https:\/\/altzaxxi.org\/wp-content\/uploads\/2025\/05\/IMG_20250524_105854-300x224.jpg 300w, https:\/\/altzaxxi.org\/wp-content\/uploads\/2025\/05\/IMG_20250524_105854-768x575.jpg 768w, https:\/\/altzaxxi.org\/wp-content\/uploads\/2025\/05\/IMG_20250524_105854-1536x1149.jpg 1536w, https:\/\/altzaxxi.org\/wp-content\/uploads\/2025\/05\/IMG_20250524_105854-2048x1532.jpg 2048w\" sizes=\"auto, (max-width: 1024px) 100vw, 1024px\" \/><figcaption class=\"wp-element-caption\">Necesitamos Auditz-Akular como \u00e1rea natural <\/figcaption><\/figure>\n\n\n\n<figure class=\"wp-block-image size-large\"><img loading=\"lazy\" decoding=\"async\" width=\"1024\" height=\"461\" data-id=\"1283\" src=\"https:\/\/altzaxxi.org\/wp-content\/uploads\/2025\/05\/20250524_153138-1024x461.jpg\" alt=\"\" class=\"wp-image-1283\" srcset=\"https:\/\/altzaxxi.org\/wp-content\/uploads\/2025\/05\/20250524_153138-1024x461.jpg 1024w, https:\/\/altzaxxi.org\/wp-content\/uploads\/2025\/05\/20250524_153138-300x135.jpg 300w, https:\/\/altzaxxi.org\/wp-content\/uploads\/2025\/05\/20250524_153138-768x346.jpg 768w, https:\/\/altzaxxi.org\/wp-content\/uploads\/2025\/05\/20250524_153138-1536x691.jpg 1536w, https:\/\/altzaxxi.org\/wp-content\/uploads\/2025\/05\/20250524_153138-2048x922.jpg 2048w\" sizes=\"auto, (max-width: 1024px) 100vw, 1024px\" \/><figcaption class=\"wp-element-caption\">El parque Eguzkitza, es una peque\u00f1a muestra de lo que es Auditz-Akular<\/figcaption><\/figure>\n\n\n\n<figure class=\"wp-block-image size-large\"><img loading=\"lazy\" decoding=\"async\" width=\"1024\" height=\"461\" data-id=\"1284\" src=\"https:\/\/altzaxxi.org\/wp-content\/uploads\/2025\/05\/20250524_121447-1024x461.jpg\" alt=\"\" class=\"wp-image-1284\" srcset=\"https:\/\/altzaxxi.org\/wp-content\/uploads\/2025\/05\/20250524_121447-1024x461.jpg 1024w, https:\/\/altzaxxi.org\/wp-content\/uploads\/2025\/05\/20250524_121447-300x135.jpg 300w, https:\/\/altzaxxi.org\/wp-content\/uploads\/2025\/05\/20250524_121447-768x346.jpg 768w, https:\/\/altzaxxi.org\/wp-content\/uploads\/2025\/05\/20250524_121447-1536x691.jpg 1536w, https:\/\/altzaxxi.org\/wp-content\/uploads\/2025\/05\/20250524_121447-2048x922.jpg 2048w\" sizes=\"auto, (max-width: 1024px) 100vw, 1024px\" \/><figcaption class=\"wp-element-caption\">La gente del barrio montando las mesas de piknik<\/figcaption><\/figure>\n\n\n\n<figure class=\"wp-block-image size-large\"><img loading=\"lazy\" decoding=\"async\" width=\"1024\" height=\"578\" data-id=\"1285\" src=\"https:\/\/altzaxxi.org\/wp-content\/uploads\/2025\/05\/IMG-20250524-WA0024-1024x578.jpg\" alt=\"\" class=\"wp-image-1285\" srcset=\"https:\/\/altzaxxi.org\/wp-content\/uploads\/2025\/05\/IMG-20250524-WA0024-1024x578.jpg 1024w, https:\/\/altzaxxi.org\/wp-content\/uploads\/2025\/05\/IMG-20250524-WA0024-300x169.jpg 300w, https:\/\/altzaxxi.org\/wp-content\/uploads\/2025\/05\/IMG-20250524-WA0024-768x433.jpg 768w, https:\/\/altzaxxi.org\/wp-content\/uploads\/2025\/05\/IMG-20250524-WA0024-1536x866.jpg 1536w, https:\/\/altzaxxi.org\/wp-content\/uploads\/2025\/05\/IMG-20250524-WA0024.jpg 2048w\" sizes=\"auto, (max-width: 1024px) 100vw, 1024px\" \/><figcaption class=\"wp-element-caption\">Tambi\u00e9n hubo para comer y beber<\/figcaption><\/figure>\n\n\n\n<figure class=\"wp-block-image size-large\"><img loading=\"lazy\" decoding=\"async\" width=\"1024\" height=\"768\" data-id=\"1286\" src=\"https:\/\/altzaxxi.org\/wp-content\/uploads\/2025\/05\/IMG-20250524-WA0071-1024x768.jpg\" alt=\"\" class=\"wp-image-1286\" srcset=\"https:\/\/altzaxxi.org\/wp-content\/uploads\/2025\/05\/IMG-20250524-WA0071-1024x768.jpg 1024w, https:\/\/altzaxxi.org\/wp-content\/uploads\/2025\/05\/IMG-20250524-WA0071-300x225.jpg 300w, https:\/\/altzaxxi.org\/wp-content\/uploads\/2025\/05\/IMG-20250524-WA0071-768x576.jpg 768w, https:\/\/altzaxxi.org\/wp-content\/uploads\/2025\/05\/IMG-20250524-WA0071-1536x1152.jpg 1536w, https:\/\/altzaxxi.org\/wp-content\/uploads\/2025\/05\/IMG-20250524-WA0071-2048x1536.jpg 2048w\" sizes=\"auto, (max-width: 1024px) 100vw, 1024px\" \/><figcaption class=\"wp-element-caption\">La visita de Porrotx fu\u00e9 increible<\/figcaption><\/figure>\n\n\n\n<figure class=\"wp-block-image size-large\"><img loading=\"lazy\" decoding=\"async\" width=\"1024\" height=\"768\" data-id=\"1287\" src=\"https:\/\/altzaxxi.org\/wp-content\/uploads\/2025\/05\/IMG-20250524-WA0009-1024x768.jpg\" alt=\"\" class=\"wp-image-1287\" srcset=\"https:\/\/altzaxxi.org\/wp-content\/uploads\/2025\/05\/IMG-20250524-WA0009-1024x768.jpg 1024w, https:\/\/altzaxxi.org\/wp-content\/uploads\/2025\/05\/IMG-20250524-WA0009-300x225.jpg 300w, https:\/\/altzaxxi.org\/wp-content\/uploads\/2025\/05\/IMG-20250524-WA0009-768x576.jpg 768w, https:\/\/altzaxxi.org\/wp-content\/uploads\/2025\/05\/IMG-20250524-WA0009-1536x1152.jpg 1536w, https:\/\/altzaxxi.org\/wp-content\/uploads\/2025\/05\/IMG-20250524-WA0009.jpg 1600w\" sizes=\"auto, (max-width: 1024px) 100vw, 1024px\" \/><figcaption class=\"wp-element-caption\">El espect\u00e1culo de Porrotx para ni\u00f1@s y mayores<\/figcaption><\/figure>\n\n\n\n<figure class=\"wp-block-image size-large\"><img loading=\"lazy\" decoding=\"async\" width=\"1024\" height=\"768\" data-id=\"1288\" src=\"https:\/\/altzaxxi.org\/wp-content\/uploads\/2025\/05\/IMG-20250524-WA0030-1024x768.jpg\" alt=\"\" class=\"wp-image-1288\" srcset=\"https:\/\/altzaxxi.org\/wp-content\/uploads\/2025\/05\/IMG-20250524-WA0030-1024x768.jpg 1024w, https:\/\/altzaxxi.org\/wp-content\/uploads\/2025\/05\/IMG-20250524-WA0030-300x225.jpg 300w, https:\/\/altzaxxi.org\/wp-content\/uploads\/2025\/05\/IMG-20250524-WA0030-768x576.jpg 768w, https:\/\/altzaxxi.org\/wp-content\/uploads\/2025\/05\/IMG-20250524-WA0030-1536x1152.jpg 1536w, https:\/\/altzaxxi.org\/wp-content\/uploads\/2025\/05\/IMG-20250524-WA0030.jpg 2048w\" sizes=\"auto, (max-width: 1024px) 100vw, 1024px\" \/><figcaption class=\"wp-element-caption\">Porrotx sali\u00f3 en defensa de Auditz-Akular<\/figcaption><\/figure>\n\n\n\n<figure class=\"wp-block-image size-large\"><img loading=\"lazy\" decoding=\"async\" width=\"1024\" height=\"578\" data-id=\"1289\" src=\"https:\/\/altzaxxi.org\/wp-content\/uploads\/2025\/05\/IMG-20250524-WA0027-1024x578.jpg\" alt=\"\" class=\"wp-image-1289\" srcset=\"https:\/\/altzaxxi.org\/wp-content\/uploads\/2025\/05\/IMG-20250524-WA0027-1024x578.jpg 1024w, https:\/\/altzaxxi.org\/wp-content\/uploads\/2025\/05\/IMG-20250524-WA0027-300x169.jpg 300w, https:\/\/altzaxxi.org\/wp-content\/uploads\/2025\/05\/IMG-20250524-WA0027-768x433.jpg 768w, https:\/\/altzaxxi.org\/wp-content\/uploads\/2025\/05\/IMG-20250524-WA0027-1536x866.jpg 1536w, https:\/\/altzaxxi.org\/wp-content\/uploads\/2025\/05\/IMG-20250524-WA0027.jpg 2048w\" sizes=\"auto, (max-width: 1024px) 100vw, 1024px\" \/><figcaption class=\"wp-element-caption\">La campa\u00f1a para poner la banderola verde en los balcones en marcha.<\/figcaption><\/figure>\n\n\n\n<figure class=\"wp-block-image size-large\"><img loading=\"lazy\" decoding=\"async\" width=\"1024\" height=\"461\" data-id=\"1293\" src=\"https:\/\/altzaxxi.org\/wp-content\/uploads\/2025\/05\/20250524_142921-1024x461.jpg\" alt=\"\" class=\"wp-image-1293\" srcset=\"https:\/\/altzaxxi.org\/wp-content\/uploads\/2025\/05\/20250524_142921-1024x461.jpg 1024w, https:\/\/altzaxxi.org\/wp-content\/uploads\/2025\/05\/20250524_142921-300x135.jpg 300w, https:\/\/altzaxxi.org\/wp-content\/uploads\/2025\/05\/20250524_142921-768x346.jpg 768w, https:\/\/altzaxxi.org\/wp-content\/uploads\/2025\/05\/20250524_142921-1536x691.jpg 1536w, https:\/\/altzaxxi.org\/wp-content\/uploads\/2025\/05\/20250524_142921-2048x922.jpg 2048w\" sizes=\"auto, (max-width: 1024px) 100vw, 1024px\" \/><figcaption class=\"wp-element-caption\">Porrotx estren\u00f3 las mesas de piknik. CUID\u00c1RLAS! ES EN BENEFICIO DE TOD@S!<\/figcaption><\/figure>\n<\/figure>\n\n\n\n<figure class=\"wp-block-image size-large\"><img loading=\"lazy\" decoding=\"async\" width=\"1024\" height=\"461\" src=\"https:\/\/altzaxxi.org\/wp-content\/uploads\/2025\/05\/20250524_121459-1024x461.jpg\" alt=\"\" class=\"wp-image-1297\" srcset=\"https:\/\/altzaxxi.org\/wp-content\/uploads\/2025\/05\/20250524_121459-1024x461.jpg 1024w, https:\/\/altzaxxi.org\/wp-content\/uploads\/2025\/05\/20250524_121459-300x135.jpg 300w, https:\/\/altzaxxi.org\/wp-content\/uploads\/2025\/05\/20250524_121459-768x346.jpg 768w, https:\/\/altzaxxi.org\/wp-content\/uploads\/2025\/05\/20250524_121459-1536x691.jpg 1536w, https:\/\/altzaxxi.org\/wp-content\/uploads\/2025\/05\/20250524_121459-2048x922.jpg 2048w\" sizes=\"auto, (max-width: 1024px) 100vw, 1024px\" \/><\/figure>\n","protected":false},"excerpt":{"rendered":"<p>Colocando mesas de picnic en el parque Eguzkitza, la maravillosa visita de Porrotx y rodeados de naturaleza, nos hemos reunido en un ambiente inmejorable reivindicando que Auditz-Akular se conserve como espacio natural para hoy y para el futuro.<\/p>\n","protected":false},"author":1,"featured_media":1281,"comment_status":"open","ping_status":"open","sticky":false,"template":"","format":"standard","meta":{"footnotes":""},"categories":[22,84],"tags":[],"class_list":["post-1295","post","type-post","status-publish","format-standard","has-post-thumbnail","hentry","category-actividades-es","category-auditz-akular-es"],"_links":{"self":[{"href":"https:\/\/altzaxxi.org\/index.php\/wp-json\/wp\/v2\/posts\/1295","targetHints":{"allow":["GET"]}}],"collection":[{"href":"https:\/\/altzaxxi.org\/index.php\/wp-json\/wp\/v2\/posts"}],"about":[{"href":"https:\/\/altzaxxi.org\/index.php\/wp-json\/wp\/v2\/types\/post"}],"author":[{"embeddable":true,"href":"https:\/\/altzaxxi.org\/index.php\/wp-json\/wp\/v2\/users\/1"}],"replies":[{"embeddable":true,"href":"https:\/\/altzaxxi.org\/index.php\/wp-json\/wp\/v2\/comments?post=1295"}],"version-history":[{"count":4,"href":"https:\/\/altzaxxi.org\/index.php\/wp-json\/wp\/v2\/posts\/1295\/revisions"}],"predecessor-version":[{"id":1306,"href":"https:\/\/altzaxxi.org\/index.php\/wp-json\/wp\/v2\/posts\/1295\/revisions\/1306"}],"wp:featuredmedia":[{"embeddable":true,"href":"https:\/\/altzaxxi.org\/index.php\/wp-json\/wp\/v2\/media\/1281"}],"wp:attachment":[{"href":"https:\/\/altzaxxi.org\/index.php\/wp-json\/wp\/v2\/media?parent=1295"}],"wp:term":[{"taxonomy":"category","embeddable":true,"href":"https:\/\/altzaxxi.org\/index.php\/wp-json\/wp\/v2\/categories?post=1295"},{"taxonomy":"post_tag","embeddable":true,"href":"https:\/\/altzaxxi.org\/index.php\/wp-json\/wp\/v2\/tags?post=1295"}],"curies":[{"name":"wp","href":"https:\/\/api.w.org\/{rel}","templated":true}]}}