{"id":1310,"date":"2025-06-11T16:18:51","date_gmt":"2025-06-11T14:18:51","guid":{"rendered":"https:\/\/altzaxxi.org\/?p=1310"},"modified":"2025-06-11T16:18:52","modified_gmt":"2025-06-11T14:18:52","slug":"el-gobierno-vasco-se-suma-al-objetivo-de-no-construir-en-aduritz-akular","status":"publish","type":"post","link":"https:\/\/altzaxxi.org\/index.php\/es\/2025\/06\/11\/el-gobierno-vasco-se-suma-al-objetivo-de-no-construir-en-aduritz-akular\/","title":{"rendered":"EL GOBIERNO VASCO SE SUMA AL OBJETIVO DE NO CONSTRUIR EN ADURITZ-AKULAR"},"content":{"rendered":"\n<h2 class=\"wp-block-heading\"><strong>La naturaleza de suelo rural, las caracter\u00edsticas del espacio natural y su capacidad estrat\u00e9gica como suelo agrario han llevado al \u00f3rgano ambiental del Gobierno Vasco a recomendar que no se construya en el \u00e1mbito de Aduritz-Akular<\/strong>. \u00a0As\u00ed lo ha se\u00f1alado en el informe vinculante al Avance durante la tramitaci\u00f3n del Plan General. Una y otra vez <strong>se muestra preocupado por la amplia superficie de suelo r\u00fastico que afecta el \u00e1mbito urban\u00edstico, la p\u00e9rdida que supondr\u00eda para las explotaciones agrarias y sus capacidades,<\/strong> al tratarse de terrenos considerados como \u00e1mbitos estrat\u00e9gicos en el PTP de Donostialdea, y la direcci\u00f3n de Patrimonio Natural y Cambio Clim\u00e1tico ha cuestionado la viabilidad ambiental.<\/h2>\n\n\n\n<p>Altza XXI interpreta que lo que se ha planteado como recomendaci\u00f3n ser\u00eda una prohibici\u00f3n si no fuera porque los terrenos est\u00e1n clasificados como urbanizables desde el Plan General de 2010. El tiempo no ha pasado en balde <strong>y si entonces era desproporcionado ahora los nuevos criterios del urbanismo (sostenibilidad, cohesi\u00f3n social, prevenci\u00f3n ante el cambio clim\u00e1tico&#8230;) lo han convertido en indefendible.<\/strong><\/p>\n\n\n\n<p>As\u00ed las cosas, <strong>el inter\u00e9s p\u00fablico no permite urbanizar y construir casi un mill\u00f3n de metros cuadrados de terreno r\u00fastico en Aduritz-Akular. Esta pretensi\u00f3n responde al inter\u00e9s particular de los promotores privados.<\/strong> En este contexto hay que situar la reivindicaci\u00f3n de Od\u00f3n Elorza y Letamendia. Hay que recordarles que la situaci\u00f3n actual es en gran medida responsabilidad suya, no en vano Elorza fue alcalde durante 20 a\u00f1os y Letamendia concejal de urbanismo durante 16 a\u00f1os, es decir, si en los \u00faltimos 30 a\u00f1os se han construido 30.000 nuevas casas y el 96% del parque de viviendas de la ciudad es de venta libre, y s\u00f3lo un m\u00edsero 4 % protegido, tambi\u00e9n es responsabilidad suya.<\/p>\n\n\n\n<p>Tambi\u00e9n el alcalde de la ciudad interviene en esta pugna por liderar ahora la pol\u00edtica de vivienda anunciando una modificaci\u00f3n puntual del Plan General respecto del suelo altzatarra, aludiendo a su inviabilidad econ\u00f3mica en el dise\u00f1o de 2010. Hace unos meses nos habl\u00f3 de modificar el Plan Especial, aunque sin duda quer\u00eda referirse al Plan Parcial. Una y otra vez se hace o\u00eddos sordos a una verdad que ahora est\u00e1 impresa en el documento de Alcance del \u00d3rgano Ambiental Auton\u00f3mico: Aduritz-Akular no puede ser el emplazamiento donde resolver de un plumazo los problemas habitacionales de Donostia.<\/p>\n\n\n\n<p><strong>El incumplimiento reiterado de la orden legal de destinar el 15 % de cesi\u00f3n de la edificabilidad a obtener vivienda p\u00fablica, el incumplimiento de los est\u00e1ndares de vivienda protegida que ya eran obligatorios desde la ley de 1994, acrecentados por la ley de 2006, las recalificaciones de zonas industriales obsoletas que no se han destinado \u00edntegramente a vivienda protegida, son algunas de las malas praxis que se\u00f1alan a unos responsables pol\u00edticos que ahora quieren soluciones r\u00e1pidas y baratas, pero tan agresivas con el medio natural y sus valores, y con el entorno ciudadano y social de Altza que son inasumibles<\/strong>. No lo dice s\u00f3lo la ciudadan\u00eda altzatarra (que quit\u00f3 su apoyo a Od\u00f3n en 2011, entre otras cosas, a causa de su empecinamiento con este proyecto), sino que <strong>lo acaba de decir tambi\u00e9n, alto y claro, el Gobierno Vasco.<\/strong><\/p>\n\n\n\n<p>Ni los intereses privados y sus adalides, ni un gobierno municipal abrumado por su propia incapacidad pueden cambiar la realidad: que no se puede plantear urbanizar y colonizar el monte como en la d\u00e9cada de los 70.<\/p>\n\n\n\n<p>\u00a0Altza, junio 2025<\/p>\n\n\n\n<p><\/p>\n","protected":false},"excerpt":{"rendered":"<p>La naturaleza de suelo rural, las caracter\u00edsticas del espacio natural y su capacidad estrat\u00e9gica como suelo agrario han llevado al \u00f3rgano ambiental del Gobierno Vasco a recomendar que no se construya en el \u00e1mbito de Aduritz-Akular<\/p>\n","protected":false},"author":1,"featured_media":259,"comment_status":"open","ping_status":"open","sticky":false,"template":"","format":"standard","meta":{"footnotes":""},"categories":[84,30,82],"tags":[],"class_list":["post-1310","post","type-post","status-publish","format-standard","has-post-thumbnail","hentry","category-auditz-akular-es","category-opinion-noticias","category-plan-general"],"_links":{"self":[{"href":"https:\/\/altzaxxi.org\/index.php\/wp-json\/wp\/v2\/posts\/1310","targetHints":{"allow":["GET"]}}],"collection":[{"href":"https:\/\/altzaxxi.org\/index.php\/wp-json\/wp\/v2\/posts"}],"about":[{"href":"https:\/\/altzaxxi.org\/index.php\/wp-json\/wp\/v2\/types\/post"}],"author":[{"embeddable":true,"href":"https:\/\/altzaxxi.org\/index.php\/wp-json\/wp\/v2\/users\/1"}],"replies":[{"embeddable":true,"href":"https:\/\/altzaxxi.org\/index.php\/wp-json\/wp\/v2\/comments?post=1310"}],"version-history":[{"count":1,"href":"https:\/\/altzaxxi.org\/index.php\/wp-json\/wp\/v2\/posts\/1310\/revisions"}],"predecessor-version":[{"id":1311,"href":"https:\/\/altzaxxi.org\/index.php\/wp-json\/wp\/v2\/posts\/1310\/revisions\/1311"}],"wp:featuredmedia":[{"embeddable":true,"href":"https:\/\/altzaxxi.org\/index.php\/wp-json\/wp\/v2\/media\/259"}],"wp:attachment":[{"href":"https:\/\/altzaxxi.org\/index.php\/wp-json\/wp\/v2\/media?parent=1310"}],"wp:term":[{"taxonomy":"category","embeddable":true,"href":"https:\/\/altzaxxi.org\/index.php\/wp-json\/wp\/v2\/categories?post=1310"},{"taxonomy":"post_tag","embeddable":true,"href":"https:\/\/altzaxxi.org\/index.php\/wp-json\/wp\/v2\/tags?post=1310"}],"curies":[{"name":"wp","href":"https:\/\/api.w.org\/{rel}","templated":true}]}}