{"id":1340,"date":"2025-07-23T14:02:40","date_gmt":"2025-07-23T12:02:40","guid":{"rendered":"https:\/\/altzaxxi.org\/?p=1340"},"modified":"2025-07-23T14:02:40","modified_gmt":"2025-07-23T12:02:40","slug":"el-abandono-de-lo-publico-como-estrategia-para-impulsar-proyectos-invasivos","status":"publish","type":"post","link":"https:\/\/altzaxxi.org\/index.php\/es\/2025\/07\/23\/el-abandono-de-lo-publico-como-estrategia-para-impulsar-proyectos-invasivos\/","title":{"rendered":"EL ABANDONO DE LO P\u00daBLICO COMO ESTRATEGIA PARA IMPULSAR PROYECTOS INVASIVOS."},"content":{"rendered":"\n<h2 class=\"wp-block-heading has-medium-font-size\">Se est\u00e1 convirtiendo en costumbre estar al tanto de los proyectos en Altza a trav\u00e9s de la prensa y, en concreto, del Diario Vasco, a pesar de que tengamos una participaci\u00f3n activa tanto en el Distrito Este como en las diferentes asociaciones de vecinos. Pero, \u00a1NO!, a trav\u00e9s de la prensa, y de una manera propagand\u00edstica, nos enteramos de muchos proyectos y temas importantes que nos conciernen.<\/h2>\n\n\n\n<p>En esta ocasi\u00f3n hablamos del proyecto de transformaci\u00f3n del parque Estibaus de Altza. Est\u00e1 en Herrera, detr\u00e1s de la calle Ederrena, junto al front\u00f3n. Pretenden limpiarlo, equiparlo y hacerlo m\u00e1s verde, \u201cporque el estudio urban\u00edstico del parque y su entorno pr\u00f3ximo ha puesto de manifiesto la necesidad de priorizar suelos naturales y drenantes en su futura actuaci\u00f3n, ampliando zonas verdes y zonas de estancia para posibilitar y promover las propiedades de este espacio p\u00fablico actualmente en desuso y con cierto deterioro. Con este criterio, propone convertir la fosa en un lugar diferente a trav\u00e9s de una gran plaza blanda\u201d. As\u00ed lo expresan.<\/p>\n\n\n\n<p>Una vez superada nuestra perplejidad, porque no nos parece que este parque est\u00e9 tan mal. Para deteriorado el paso desde Harriberri a Harrizahar por el parquecito lateral de la eskola que de ser un recorrido agradable que permit\u00eda acortar el camino al polideportivo y la casa de cultura, est\u00e1 inutilizable con la escalera destrozada, sus zarzas gigantes y sus ratas y todo. Desde que acabaron las obras del nuevo polideportivo estamos reivindicando su reparaci\u00f3n y limpieza y ah\u00ed seguimos, como el primer d\u00eda, con una zona totalmente c\u00e9ntrica sin rematar.<\/p>\n\n\n\n<p class=\"has-vivid-red-color has-text-color has-link-color wp-elements-d0e0a3098572c0ec8b570c64e00e2777\">Parque y camino abandonado desde las obras del polideportivo entre Harriberri y Harrizahar<\/p>\n\n\n\n<figure class=\"wp-block-image size-large is-resized\"><img loading=\"lazy\" decoding=\"async\" width=\"1024\" height=\"768\" src=\"http:\/\/altzaxxi.org\/wp-content\/uploads\/2025\/07\/Harriberri-bidea-hondatua-1024x768.jpg\" alt=\"\" class=\"wp-image-1338\" style=\"width:384px;height:auto\" srcset=\"https:\/\/altzaxxi.org\/wp-content\/uploads\/2025\/07\/Harriberri-bidea-hondatua-1024x768.jpg 1024w, https:\/\/altzaxxi.org\/wp-content\/uploads\/2025\/07\/Harriberri-bidea-hondatua-300x225.jpg 300w, https:\/\/altzaxxi.org\/wp-content\/uploads\/2025\/07\/Harriberri-bidea-hondatua-768x576.jpg 768w, https:\/\/altzaxxi.org\/wp-content\/uploads\/2025\/07\/Harriberri-bidea-hondatua-1536x1152.jpg 1536w, https:\/\/altzaxxi.org\/wp-content\/uploads\/2025\/07\/Harriberri-bidea-hondatua-2048x1536.jpg 2048w\" sizes=\"auto, (max-width: 1024px) 100vw, 1024px\" \/><\/figure>\n\n\n\n<figure class=\"wp-block-image size-large\"><img loading=\"lazy\" decoding=\"async\" width=\"1024\" height=\"461\" src=\"http:\/\/altzaxxi.org\/wp-content\/uploads\/2025\/01\/20240314_191754-1024x461.jpg\" alt=\"\" class=\"wp-image-1085\" srcset=\"https:\/\/altzaxxi.org\/wp-content\/uploads\/2025\/01\/20240314_191754-1024x461.jpg 1024w, https:\/\/altzaxxi.org\/wp-content\/uploads\/2025\/01\/20240314_191754-300x135.jpg 300w, https:\/\/altzaxxi.org\/wp-content\/uploads\/2025\/01\/20240314_191754-768x346.jpg 768w, https:\/\/altzaxxi.org\/wp-content\/uploads\/2025\/01\/20240314_191754-1536x691.jpg 1536w, https:\/\/altzaxxi.org\/wp-content\/uploads\/2025\/01\/20240314_191754-2048x922.jpg 2048w\" sizes=\"auto, (max-width: 1024px) 100vw, 1024px\" \/><figcaption class=\"wp-element-caption\"> <\/figcaption><\/figure>\n\n\n\n<figure class=\"wp-block-image size-large is-resized\"><img loading=\"lazy\" decoding=\"async\" width=\"1024\" height=\"768\" src=\"http:\/\/altzaxxi.org\/wp-content\/uploads\/2025\/01\/20250119_132029-1024x768.jpg\" alt=\"\" class=\"wp-image-1140\" style=\"width:397px;height:auto\" srcset=\"https:\/\/altzaxxi.org\/wp-content\/uploads\/2025\/01\/20250119_132029-1024x768.jpg 1024w, https:\/\/altzaxxi.org\/wp-content\/uploads\/2025\/01\/20250119_132029-300x225.jpg 300w, https:\/\/altzaxxi.org\/wp-content\/uploads\/2025\/01\/20250119_132029-768x576.jpg 768w, https:\/\/altzaxxi.org\/wp-content\/uploads\/2025\/01\/20250119_132029-1536x1152.jpg 1536w, https:\/\/altzaxxi.org\/wp-content\/uploads\/2025\/01\/20250119_132029-2048x1536.jpg 2048w\" sizes=\"auto, (max-width: 1024px) 100vw, 1024px\" \/><\/figure>\n\n\n\n<p>Pese a todo, debemos alegrarnos de que se haga una reflexi\u00f3n as\u00ed, si no fuera porque los otros proyectos para Altza, como son la construcci\u00f3n salvaje en <strong>Auditz-Akular y Zardoya-Otis<\/strong>, entre otros, <strong>est\u00e1n en total contradicci\u00f3n con los objetivos establecidos para la nueva actuaci\u00f3n.<\/strong><\/p>\n\n\n\n<p>Estamos de acuerdo en que hay que regenerar Altza, y hay que invertir en espacios p\u00fablicos, pero todo esto nos parece un <strong>lavado de imagen<\/strong> ante la amenaza del proyecto como Zardoya-Otis y Auditz-Akular. Creemos que hemos entrado de lleno en campa\u00f1a y vamos a tener que escuchar cosas as\u00ed. A pesar de todo, bienvenida sea la mejora de este parque.<\/p>\n\n\n\n<p>Pero, si tenemos que hablar de <strong>zonas degradadas,<\/strong> hay que mencionar, en primer lugar, la situaci\u00f3n de <strong>abandono y ruina de las antiguas instalaciones de Zardoya-Otis<\/strong> y que sugieren una estrategia de degradaci\u00f3n que permita \u201chacer tragar\u201d a la poblaci\u00f3n de Herrera la presencia de 456 nuevas viviendas y sus correspondientes torres en un espacio central del barrio, planteadas por el ayuntamiento de manera que los alrededor de 5.000 m\u00b2 que por ley les corresponden como espacio libre se pretenden trasladar a m\u00e1s de 10 kil\u00f3metros.<\/p>\n\n\n\n<p>Y lo mismo en el caso de <strong>Auditz-Akular.<\/strong> En los \u00faltimos tiempos proliferan <strong>huertas incontroladas, con cerramientos llenos de porquer\u00eda y vertederos incontrolados con todo tipo de basura<\/strong>, sin que el ayuntamiento atienda a las denuncias de la vecindad. En Altza la infracci\u00f3n urban\u00edstica, el vertido incontrolado de todo tipo de residuos, la destrucci\u00f3n de arbolado y la ocupaci\u00f3n de terrenos p\u00fablicos con usos indeseables tiene \u201cbarra libre\u201d. Para no verlo concejales y empleados municipales no vienen y punto.<\/p>\n\n\n\n<p class=\"has-vivid-red-color has-text-color has-link-color wp-elements-1af02a2e155e2d9044b13c7b34e5d623\">Auditz-Akular se est\u00e1 dejando deteriorar para que \u00abtraguemos\u00bb mejor el proyecto salvaje de construcci\u00f3n.<\/p>\n\n\n\n<figure class=\"wp-block-image size-large is-resized\"><img loading=\"lazy\" decoding=\"async\" width=\"1024\" height=\"683\" src=\"http:\/\/altzaxxi.org\/wp-content\/uploads\/2025\/07\/Auditz-Akular-1024x683.jpg\" alt=\"\" class=\"wp-image-1337\" style=\"width:416px;height:auto\" srcset=\"https:\/\/altzaxxi.org\/wp-content\/uploads\/2025\/07\/Auditz-Akular-1024x683.jpg 1024w, https:\/\/altzaxxi.org\/wp-content\/uploads\/2025\/07\/Auditz-Akular-300x200.jpg 300w, https:\/\/altzaxxi.org\/wp-content\/uploads\/2025\/07\/Auditz-Akular-768x512.jpg 768w, https:\/\/altzaxxi.org\/wp-content\/uploads\/2025\/07\/Auditz-Akular-1536x1024.jpg 1536w, https:\/\/altzaxxi.org\/wp-content\/uploads\/2025\/07\/Auditz-Akular-2048x1365.jpg 2048w\" sizes=\"auto, (max-width: 1024px) 100vw, 1024px\" \/><\/figure>\n\n\n\n<figure class=\"wp-block-image size-large is-resized\"><img loading=\"lazy\" decoding=\"async\" width=\"1024\" height=\"683\" src=\"http:\/\/altzaxxi.org\/wp-content\/uploads\/2025\/07\/Auditz-akular-bideak-1024x683.jpg\" alt=\"\" class=\"wp-image-1334\" style=\"width:417px;height:auto\" srcset=\"https:\/\/altzaxxi.org\/wp-content\/uploads\/2025\/07\/Auditz-akular-bideak-1024x683.jpg 1024w, https:\/\/altzaxxi.org\/wp-content\/uploads\/2025\/07\/Auditz-akular-bideak-300x200.jpg 300w, https:\/\/altzaxxi.org\/wp-content\/uploads\/2025\/07\/Auditz-akular-bideak-768x512.jpg 768w, https:\/\/altzaxxi.org\/wp-content\/uploads\/2025\/07\/Auditz-akular-bideak-1536x1024.jpg 1536w, https:\/\/altzaxxi.org\/wp-content\/uploads\/2025\/07\/Auditz-akular-bideak-2048x1365.jpg 2048w\" sizes=\"auto, (max-width: 1024px) 100vw, 1024px\" \/><\/figure>\n\n\n\n<figure class=\"wp-block-image size-large is-resized\"><img loading=\"lazy\" decoding=\"async\" width=\"1024\" height=\"683\" src=\"http:\/\/altzaxxi.org\/wp-content\/uploads\/2025\/07\/Auditz-akular-zaborra-1024x683.jpg\" alt=\"\" class=\"wp-image-1336\" style=\"width:417px;height:auto\" srcset=\"https:\/\/altzaxxi.org\/wp-content\/uploads\/2025\/07\/Auditz-akular-zaborra-1024x683.jpg 1024w, https:\/\/altzaxxi.org\/wp-content\/uploads\/2025\/07\/Auditz-akular-zaborra-300x200.jpg 300w, https:\/\/altzaxxi.org\/wp-content\/uploads\/2025\/07\/Auditz-akular-zaborra-768x512.jpg 768w, https:\/\/altzaxxi.org\/wp-content\/uploads\/2025\/07\/Auditz-akular-zaborra-1536x1024.jpg 1536w, https:\/\/altzaxxi.org\/wp-content\/uploads\/2025\/07\/Auditz-akular-zaborra-2048x1365.jpg 2048w\" sizes=\"auto, (max-width: 1024px) 100vw, 1024px\" \/><\/figure>\n\n\n\n<p>A finales de 2023 medimos los espacios libres y verdes de Altza (recordamos que se extrae 1,78 m\u00b2 por habitante, mientras que la Organizaci\u00f3n Mundial de la Salud marca 10\/15 m\u00b2 por habitante. Trabajo de Marco Sierra. Y poniendo sobre la mesa este insultante d\u00e9ficit, insistimos en que <strong>Auditz-Akular y Zardoya-Otis son dos zonas de oportunidad necesarias para la regeneraci\u00f3n de Altza,<\/strong> <strong>como espacio natural y libre. Dichos espacios verdes responder\u00edan a los retos de emergencia clim\u00e1tica y repercutir\u00edan favorablemente en el bienestar y calidad de vida de la ciudadan\u00eda. <\/strong>Desde luego creemos que ese ser\u00eda el primer paso para hacer frente a la regeneraci\u00f3n hist\u00f3rica que a Altza se le debe. <strong>Lo contrario no es m\u00e1s que pura demagogia.<\/strong><\/p>\n\n\n\n<p class=\"has-vivid-green-cyan-color has-text-color has-link-color wp-elements-0c4af54d42a228761fa510c7b39be698\">Fotomontaje de parque para Zardoya-Otis<\/p>\n\n\n\n<figure class=\"wp-block-image size-large is-resized\"><img loading=\"lazy\" decoding=\"async\" width=\"1024\" height=\"535\" src=\"http:\/\/altzaxxi.org\/wp-content\/uploads\/2025\/01\/WhatsApp-Image-2022-11-02-at-16.12.07-1024x535.jpeg\" alt=\"\" class=\"wp-image-1099\" style=\"width:565px;height:auto\" srcset=\"https:\/\/altzaxxi.org\/wp-content\/uploads\/2025\/01\/WhatsApp-Image-2022-11-02-at-16.12.07-1024x535.jpeg 1024w, https:\/\/altzaxxi.org\/wp-content\/uploads\/2025\/01\/WhatsApp-Image-2022-11-02-at-16.12.07-300x157.jpeg 300w, https:\/\/altzaxxi.org\/wp-content\/uploads\/2025\/01\/WhatsApp-Image-2022-11-02-at-16.12.07-768x401.jpeg 768w, https:\/\/altzaxxi.org\/wp-content\/uploads\/2025\/01\/WhatsApp-Image-2022-11-02-at-16.12.07-1536x803.jpeg 1536w, https:\/\/altzaxxi.org\/wp-content\/uploads\/2025\/01\/WhatsApp-Image-2022-11-02-at-16.12.07.jpeg 1600w\" sizes=\"auto, (max-width: 1024px) 100vw, 1024px\" \/><\/figure>\n\n\n\n<p class=\"has-vivid-green-cyan-color has-text-color has-link-color wp-elements-4752a831b22f2345d1099ccd487cbbeb\">Auditz-Akular como \u00e1rea natural y refugio clim\u00e1tico.<\/p>\n\n\n\n<figure class=\"wp-block-image size-large is-resized\"><img loading=\"lazy\" decoding=\"async\" width=\"1024\" height=\"461\" src=\"http:\/\/altzaxxi.org\/wp-content\/uploads\/2025\/07\/Auditz-Akular-PANORAMIKA-1024x461.jpg\" alt=\"\" class=\"wp-image-1335\" style=\"width:734px;height:auto\" srcset=\"https:\/\/altzaxxi.org\/wp-content\/uploads\/2025\/07\/Auditz-Akular-PANORAMIKA-1024x461.jpg 1024w, https:\/\/altzaxxi.org\/wp-content\/uploads\/2025\/07\/Auditz-Akular-PANORAMIKA-300x135.jpg 300w, https:\/\/altzaxxi.org\/wp-content\/uploads\/2025\/07\/Auditz-Akular-PANORAMIKA-768x346.jpg 768w, https:\/\/altzaxxi.org\/wp-content\/uploads\/2025\/07\/Auditz-Akular-PANORAMIKA-1536x691.jpg 1536w, https:\/\/altzaxxi.org\/wp-content\/uploads\/2025\/07\/Auditz-Akular-PANORAMIKA-2048x922.jpg 2048w\" sizes=\"auto, (max-width: 1024px) 100vw, 1024px\" \/><\/figure>\n","protected":false},"excerpt":{"rendered":"<p>En Altza la degradaci\u00f3n y la dejadez se convierte en estrategia para introducir m\u00e1s casas. El ayuntamiento deja que una zona se deteriore para despu\u00e9s encajar mejor el brutal proyecto. \u00abCualquier cosa es mejor que estar lleno de suciedad\u00bb.<\/p>\n","protected":false},"author":1,"featured_media":1336,"comment_status":"open","ping_status":"open","sticky":false,"template":"","format":"standard","meta":{"footnotes":""},"categories":[30],"tags":[],"class_list":["post-1340","post","type-post","status-publish","format-standard","has-post-thumbnail","hentry","category-opinion-noticias"],"_links":{"self":[{"href":"https:\/\/altzaxxi.org\/index.php\/wp-json\/wp\/v2\/posts\/1340","targetHints":{"allow":["GET"]}}],"collection":[{"href":"https:\/\/altzaxxi.org\/index.php\/wp-json\/wp\/v2\/posts"}],"about":[{"href":"https:\/\/altzaxxi.org\/index.php\/wp-json\/wp\/v2\/types\/post"}],"author":[{"embeddable":true,"href":"https:\/\/altzaxxi.org\/index.php\/wp-json\/wp\/v2\/users\/1"}],"replies":[{"embeddable":true,"href":"https:\/\/altzaxxi.org\/index.php\/wp-json\/wp\/v2\/comments?post=1340"}],"version-history":[{"count":4,"href":"https:\/\/altzaxxi.org\/index.php\/wp-json\/wp\/v2\/posts\/1340\/revisions"}],"predecessor-version":[{"id":1345,"href":"https:\/\/altzaxxi.org\/index.php\/wp-json\/wp\/v2\/posts\/1340\/revisions\/1345"}],"wp:featuredmedia":[{"embeddable":true,"href":"https:\/\/altzaxxi.org\/index.php\/wp-json\/wp\/v2\/media\/1336"}],"wp:attachment":[{"href":"https:\/\/altzaxxi.org\/index.php\/wp-json\/wp\/v2\/media?parent=1340"}],"wp:term":[{"taxonomy":"category","embeddable":true,"href":"https:\/\/altzaxxi.org\/index.php\/wp-json\/wp\/v2\/categories?post=1340"},{"taxonomy":"post_tag","embeddable":true,"href":"https:\/\/altzaxxi.org\/index.php\/wp-json\/wp\/v2\/tags?post=1340"}],"curies":[{"name":"wp","href":"https:\/\/api.w.org\/{rel}","templated":true}]}}