{"id":1532,"date":"2026-03-10T20:42:49","date_gmt":"2026-03-10T19:42:49","guid":{"rendered":"https:\/\/altzaxxi.org\/?p=1532"},"modified":"2026-03-10T21:05:54","modified_gmt":"2026-03-10T20:05:54","slug":"por-que-acudir-a-la-convocatoria-del-15-de-marzo-en-defensa-de-auditz-akular-y-de-altza","status":"publish","type":"post","link":"https:\/\/altzaxxi.org\/index.php\/es\/2026\/03\/10\/por-que-acudir-a-la-convocatoria-del-15-de-marzo-en-defensa-de-auditz-akular-y-de-altza\/","title":{"rendered":"\u00bfPOR QU\u00c9 ACUDIR A LA CONVOCATORIA DEL 15 DE MARZO EN DEFENSA DE AUDITZ-AKULAR Y DE ALTZA?"},"content":{"rendered":"\n<ul class=\"wp-block-list\">\n<li> <strong>Porque Altza necesita ese pulm\u00f3n verde.<\/strong><\/li>\n\n\n\n<li><strong> Porque es un conjunto de ecosistemas bien conservados.<\/strong><\/li>\n\n\n\n<li><strong> Porque son suelos de alto valor estrat\u00e9gico para usos agr\u00edcolas.<\/strong><\/li>\n\n\n\n<li><strong> Porque comprende un sistema h\u00eddrico de relevancia.<\/strong><\/li>\n\n\n\n<li><strong> Porque es un refugio clim\u00e1tico ante la crisis ambiental. <\/strong><\/li>\n\n\n\n<li><strong>Porque su conservaci\u00f3n es recomendada por el Departamento de Medio Ambiente del Gobierno Vasco.<\/strong><\/li>\n\n\n\n<li><strong>Porque en Altza bastante hemos sufrido ya la saturaci\u00f3n de cemento y hormig\u00f3n<\/strong>.<\/li>\n<\/ul>\n\n\n\n<figure class=\"wp-block-pullquote has-vivid-cyan-blue-color has-text-color has-link-color wp-elements-06b7bff40778242972fff13fa64805bd\"><blockquote><p><strong>Porque urbanizar y construir las praderas y vaguadas de Auditz-Akular costar\u00eda m\u00e1s de 500 millones de Euros, cantidad con la que podr\u00eda comprarse entre 1.700 y 2.600 viviendas de segunda mano, resolviendo as\u00ed parte del problema habitacional,&nbsp; sin ocupar y destruir el suelo natural y el monte.<\/strong><\/p><\/blockquote><\/figure>\n\n\n\n<p>Estos son los grupos y asociaciones firmantes hasta el momento. (Por orden alfab\u00e9tico).<\/p>\n\n\n\n<ol class=\"wp-block-list\">\n<li>Altza Herri Ikastetxea<\/li>\n\n\n\n<li>Altza Herria Kirol Taldea<\/li>\n\n\n\n<li>Altza Historia Mintegia<\/li>\n\n\n\n<li>Altza XXI Herri Ekimena<\/li>\n\n\n\n<li>Altza-Elkartasuna Auzo elkartea<\/li>\n\n\n\n<li>Altzagainako Jai Batzordea<\/li>\n\n\n\n<li>Altzako institutoa<\/li>\n\n\n\n<li>Altzania kultur elkartea<\/li>\n\n\n\n<li>Artiako Lagunak<\/li>\n\n\n\n<li>Basajaun elkartea, sukalde komunitarioa<\/li>\n\n\n\n<li>Baserritar Bilgunea<\/li>\n\n\n\n<li>Baso Biziak Plataforma<\/li>\n\n\n\n<li>Bizarrain euskara taldea<\/li>\n\n\n\n<li>BiziLagunEkin, Desazkunde turistikoaren aldeko Plataforma.<\/li>\n\n\n\n<li>Buenabista Auzo Elkartea<\/li>\n\n\n\n<li>Egia Bizirik Auzo Elkartea<\/li>\n\n\n\n<li>Eguzki talde ekologista<\/li>\n\n\n\n<li>EKOLOGISTAK MARTXAN<\/li>\n\n\n\n<li>ETXALDE Nekazaritza Iraunkorra, baserritar mugimendua.<\/li>\n\n\n\n<li>Gure Bidea auzo elkartea<\/li>\n\n\n\n<li>Haritzalde&nbsp;<\/li>\n\n\n\n<li>Herrerako Jai Batzordea<\/li>\n\n\n\n<li>Herrerako Mozkor Frentekidea<\/li>\n\n\n\n<li>Herripe auzo elkartea<\/li>\n\n\n\n<li>Hondarpe Groseko Auzo Elkartea&nbsp;<\/li>\n\n\n\n<li>Izbe (Intxaurrondo Zaharreko bizilagun elkartea)<\/li>\n\n\n\n<li>Lantxabe, Aieteko Bizilagun Elkartea&nbsp;<\/li>\n\n\n\n<li>Larratxoko jai batzordea<\/li>\n\n\n\n<li>Lodabe auzo elkartea<\/li>\n\n\n\n<li>Manteo Bizirik<\/li>\n\n\n\n<li>Mundu Bakean<\/li>\n\n\n\n<li>Ostadar Larratxoko Emakumeen Elkartea<\/li>\n\n\n\n<li>Osteguna Auzo elkartea<\/li>\n\n\n\n<li>Parkea Bizirik Kukulunberaren Lagun Elkartea &nbsp;<\/li>\n\n\n\n<li>Parte zaharrean bizi auzo elkartea<\/li>\n\n\n\n<li>Plazandreok Elkarte Feminista<\/li>\n\n\n\n<li>Satorralaia<\/li>\n\n\n\n<li>Showtime Elkartea<\/li>\n\n\n\n<li>Uliako Auzo Elkartea<\/li>\n\n\n\n<li>Uliazpi Kultur Elkartea<\/li>\n<\/ol>\n\n\n\n<figure class=\"wp-block-image size-large is-resized\"><img loading=\"lazy\" decoding=\"async\" width=\"632\" height=\"1024\" src=\"http:\/\/altzaxxi.org\/wp-content\/uploads\/2026\/02\/MARTXOAK-15-KONZENTRAZIOA-jpg-632x1024.jpg\" alt=\"\" class=\"wp-image-1520\" style=\"width:481px;height:auto\" srcset=\"https:\/\/altzaxxi.org\/wp-content\/uploads\/2026\/02\/MARTXOAK-15-KONZENTRAZIOA-jpg-632x1024.jpg 632w, https:\/\/altzaxxi.org\/wp-content\/uploads\/2026\/02\/MARTXOAK-15-KONZENTRAZIOA-jpg-185x300.jpg 185w, https:\/\/altzaxxi.org\/wp-content\/uploads\/2026\/02\/MARTXOAK-15-KONZENTRAZIOA-jpg-768x1244.jpg 768w, https:\/\/altzaxxi.org\/wp-content\/uploads\/2026\/02\/MARTXOAK-15-KONZENTRAZIOA-jpg.jpg 852w\" sizes=\"auto, (max-width: 632px) 100vw, 632px\" \/><\/figure>\n","protected":false},"excerpt":{"rendered":"<p>El 15 de marzo, en el parque Harria vamos a presentar un manifiesto apoyado por asociaciones y grupos de Altza y Donostia, en defensa de Auditz-Akular y Altza.<\/p>\n","protected":false},"author":1,"featured_media":1531,"comment_status":"open","ping_status":"open","sticky":false,"template":"","format":"standard","meta":{"footnotes":""},"categories":[84,94,90],"tags":[],"class_list":["post-1532","post","type-post","status-publish","format-standard","has-post-thumbnail","hentry","category-auditz-akular-es","category-convocatoriasxxx","category-vivienda-es"],"_links":{"self":[{"href":"https:\/\/altzaxxi.org\/index.php\/wp-json\/wp\/v2\/posts\/1532","targetHints":{"allow":["GET"]}}],"collection":[{"href":"https:\/\/altzaxxi.org\/index.php\/wp-json\/wp\/v2\/posts"}],"about":[{"href":"https:\/\/altzaxxi.org\/index.php\/wp-json\/wp\/v2\/types\/post"}],"author":[{"embeddable":true,"href":"https:\/\/altzaxxi.org\/index.php\/wp-json\/wp\/v2\/users\/1"}],"replies":[{"embeddable":true,"href":"https:\/\/altzaxxi.org\/index.php\/wp-json\/wp\/v2\/comments?post=1532"}],"version-history":[{"count":4,"href":"https:\/\/altzaxxi.org\/index.php\/wp-json\/wp\/v2\/posts\/1532\/revisions"}],"predecessor-version":[{"id":1538,"href":"https:\/\/altzaxxi.org\/index.php\/wp-json\/wp\/v2\/posts\/1532\/revisions\/1538"}],"wp:featuredmedia":[{"embeddable":true,"href":"https:\/\/altzaxxi.org\/index.php\/wp-json\/wp\/v2\/media\/1531"}],"wp:attachment":[{"href":"https:\/\/altzaxxi.org\/index.php\/wp-json\/wp\/v2\/media?parent=1532"}],"wp:term":[{"taxonomy":"category","embeddable":true,"href":"https:\/\/altzaxxi.org\/index.php\/wp-json\/wp\/v2\/categories?post=1532"},{"taxonomy":"post_tag","embeddable":true,"href":"https:\/\/altzaxxi.org\/index.php\/wp-json\/wp\/v2\/tags?post=1532"}],"curies":[{"name":"wp","href":"https:\/\/api.w.org\/{rel}","templated":true}]}}