{"id":436,"date":"2024-11-18T22:13:24","date_gmt":"2024-11-18T21:13:24","guid":{"rendered":"https:\/\/altzaxxi.org\/?p=436"},"modified":"2024-11-30T11:08:04","modified_gmt":"2024-11-30T10:08:04","slug":"proceso-participativo","status":"publish","type":"post","link":"https:\/\/altzaxxi.org\/index.php\/es\/2024\/11\/18\/proceso-participativo\/","title":{"rendered":"Proceso \u00abparticipativo\u00bb: opini\u00f3n de las asociaciones de vecin@s."},"content":{"rendered":"\n<p>PARA QUE CONSTE.-<\/p>\n\n\n\n<p>Est\u00e1 en marcha el debate sobre el Plan General de Donostia. Y estando en juego el futuro de Altza, entre otros barrios, para los pr\u00f3ximos 15 a\u00f1os, las asociaciones y vecin@s del distrito este estamos inmersas en un proceso participativo elaborado por el ayuntamiento, el cual criticamos desde un principio, por su planteamiento cicatero, elitista y teledirigido destinado a cumplir el mandato legal (Ley 2\/2206 de Suelo y Urbanismo de CAPV) en los procesos de elaboraci\u00f3n de un Plan General.<\/p>\n\n\n\n<p>Pues bien, en esa tesitura, y habiendo dejado claro la necesidad de un <strong>verdadero proceso de participaci\u00f3n desde el diagn\u00f3stico<\/strong>, queremos dejar constancia de lo expresado, de lo dicho y de lo escrito en la reuni\u00f3n del 29-10-2024, para que conste, y para que nadie pueda manipular y utilizar nuestra participaci\u00f3n en el proceso como un s\u00ed a las propuestas de este&nbsp;<br>Avance del Plan General.<\/p>\n\n\n\n<p>Y POR ESO, PARA QUE CONSTE HE AQU\u00cd LA INTERVENCI\u00d3N DE LA MAYOR\u00cdA DE LAS ASOCIACIONES Y VECIN@S EN EL PROCESO PARTICIPATIVO DEL 29-10-2024:<\/p>\n\n\n\n<p>Unas 50 personas nos reunimos el 29 de octubre en la casa de cultura de Intxaurrondo en el taller convocado por el ayuntamiento para el debate del Avance del Plan General. Vecinas y vecinos de Intxaurrondo, Altza y Bidebieta analizamos por temas las propuestas del plan y con una opini\u00f3n un\u00e1nime criticamos desde distintos \u00e1ngulos el documento por <strong>no responder a la situaci\u00f3n de graves carencias del distrito este<\/strong>, de Altza, Intxaurrondo, Bidebieta, Marrutxipi.<\/p>\n\n\n\n<p>Los representantes de distintos barrios de Altza rese\u00f1amos las <strong>graves deficiencias<\/strong> que se sufren desde hace d\u00e9cadas y que no reciben atenci\u00f3n desde el ayuntamiento, tampoco en este documento. Igualmente mostramos nuestra indignaci\u00f3n porque el plan todav\u00eda quiere <strong>ampliar en un 50 % el n\u00famero de viviendas y un 60 % la poblaci\u00f3n, sin reparar en el desequilibrio<\/strong> que ello supondr\u00eda.<\/p>\n\n\n\n<p>Desde Altza XXI repartimos un fotomontaje con la imagen que ofrecer\u00eda Auditz-Akular caso de edificarse las 3.000 nuevas viviendas que el gobierno municipal pretende, fotomontaje realmente brutal.<\/p>\n\n\n\n<p>Recordamos los <strong>d\u00e9ficits de equipamientos, aparcamientos, ausencia de zonas verdes y zonas de esparcimiento, graves problemas de movilidad y accesibilidad<\/strong> en edificios y espacios p\u00fablicos, carencias que hacen de <strong>Altza \u201czona de muy alta vulnerabilidad social\u201d<\/strong>, seg\u00fan estudio de Gobierno Vasco, y zona de la ciudad con menor esperanza de vida, mayor fracaso escolar, menor oferta de puestos de trabajo y, en definitiva, caracter\u00edsticas propias de ciudad dormitorio, seg\u00fan el diagn\u00f3stico del Plan Estrat\u00e9gico encargado por el Distrito Este.<\/p>\n\n\n\n<p>Los diversos grupos reivindicamos la <strong>atenci\u00f3n prioritaria del Plan a la subsanaci\u00f3n de las carencias actuales y rechazamos que se pretenda ubicar m\u00e1s vivienda en Altza<\/strong>, an\u00e1lisis en el que coincidieron las y los vecinos de Intxaurrondo y Bidebieta presentes. Por parte de representantes de la asociaci\u00f3n de Bidebieta se critic\u00f3 que la hist\u00f3rica reivindicaci\u00f3n del barrio que data de hace 20 a\u00f1os de una dotaci\u00f3n cultural, enti\u00e9ndase case de cultura, biblioteca, ha sido nuevamente desatendida por el Plan General. \u00bfQu\u00e9 barrio no tiene ya una casa de cultura?<\/p>\n\n\n\n<p>En relaci\u00f3n a los nuevos \u00e1mbitos de vivienda, hicimos menci\u00f3n a que las propuestas de nuevas viviendas del plan debieran <strong>responder a la demanda y no a la oferta que los promotores desean<\/strong> poder realizar bas\u00e1ndose por supuesto en su propio beneficio especulativo. Este \u00faltimo aspecto, el de que la propuesta no responde a la demanda sino a la oferta, est\u00e1 recogido en la p\u00e1gina 36 del Avance y levant\u00f3 fuertes protestas. Adem\u00e1s, fue tambi\u00e9n un\u00e1nime la postura de que <strong>las nuevas viviendas tendr\u00e1n que ordenarse en el actual suelo urbano de la ciudad<\/strong>, en edificios infrautilizados u obsoletos, y se puso como ejemplo las instalaciones de la Guardia Civil en Intxaurrondo, en clara referencia a que ser\u00eda f\u00e1cilmente reconvertible en viviendas sociales.<\/p>\n\n\n\n<p>Finalmente, queremos recordar que la citada reuni\u00f3n se produjo en medio de la pol\u00e9mica suscitada por el cambio de emplazamiento de la misma por el ayuntamiento, ya que estando convocada en el propio Altza fue trasladada a Intxaurrondo en el \u00faltimo momento, levantando las quejas de 15 asociaciones altzatarras que consideraron que se pretend\u00eda dificultar la presencia de la ciudadan\u00eda del entorno de Altza. De hecho as\u00ed fue. Mucha gente que particip\u00f3 en la anterior reuni\u00f3n no acudi\u00f3 a la convocatoria en Intxaurrondo.&nbsp;<\/p>\n\n\n\n<p>Para acabar, al final de la reuni\u00f3n hubo un \u00faltimo momento de indignaci\u00f3n al preguntar por la <strong>ausencia de concejales<\/strong> en la reuni\u00f3n y no obtener mayor respuesta que la obviedad de que no se hallaban presentes. Para las personas que hicimos el esfuerzo de desplazarnos a las 6 de la tarde de un mi\u00e9rcoles al lugar de la reuni\u00f3n, la postura de los representantes del gobierno municipal (se hallaba presente una concejal de Intxaurrondo de un grupo de la oposici\u00f3n) se entendi\u00f3 como <strong>falta de inter\u00e9s y de respeto<\/strong> para con la opini\u00f3n de la ciudadan\u00eda. Y con esa cr\u00edtica a la actitud de los concejales del ayuntamiento de Donostia terminamos la reuni\u00f3n.<\/p>\n\n\n\n<p>De momento solo nos queda decir que seguimos y seguiremos, a pesar de todo.<\/p>\n\n\n\n<p>POR UNA CIUDAD SOSTENIBLE, EQUILIBRADA Y PREPARADA PARA EL CAMBIO CLIM\u00c1TICO.<\/p>\n\n\n\n<div class=\"wp-block-file\"><a id=\"wp-block-file--media-49145595-aabc-4e1b-8369-4737bb566216\" href=\"https:\/\/altzaxxi.org\/wp-content\/uploads\/2024\/11\/A-A-fotomontaje.jpg\">A-A fotomontaje<\/a><a href=\"https:\/\/altzaxxi.org\/wp-content\/uploads\/2024\/11\/A-A-fotomontaje.jpg\" class=\"wp-block-file__button wp-element-button\" download aria-describedby=\"wp-block-file--media-49145595-aabc-4e1b-8369-4737bb566216\">Descarga<\/a><\/div>\n\n\n\n<p><\/p>\n","protected":false},"excerpt":{"rendered":"<p>2024: Est\u00e1 en marcha el debate sobre el Plan General de Donostia, a trav\u00e9s de un proceso \u00abparticipativo\u00bb en el que no est\u00e1 tomando parte ning\u00fan concejal del ayuntamiento para indignaci\u00f3n de l@s ciudadanos. Pero a pesar de ello las asociaciones del Distrito Este estamos dejando clara nuestra postura.<\/p>\n","protected":false},"author":1,"featured_media":623,"comment_status":"open","ping_status":"open","sticky":false,"template":"","format":"standard","meta":{"footnotes":""},"categories":[82,90],"tags":[],"class_list":["post-436","post","type-post","status-publish","format-standard","has-post-thumbnail","hentry","category-plan-general","category-vivienda-es"],"_links":{"self":[{"href":"https:\/\/altzaxxi.org\/index.php\/wp-json\/wp\/v2\/posts\/436","targetHints":{"allow":["GET"]}}],"collection":[{"href":"https:\/\/altzaxxi.org\/index.php\/wp-json\/wp\/v2\/posts"}],"about":[{"href":"https:\/\/altzaxxi.org\/index.php\/wp-json\/wp\/v2\/types\/post"}],"author":[{"embeddable":true,"href":"https:\/\/altzaxxi.org\/index.php\/wp-json\/wp\/v2\/users\/1"}],"replies":[{"embeddable":true,"href":"https:\/\/altzaxxi.org\/index.php\/wp-json\/wp\/v2\/comments?post=436"}],"version-history":[{"count":6,"href":"https:\/\/altzaxxi.org\/index.php\/wp-json\/wp\/v2\/posts\/436\/revisions"}],"predecessor-version":[{"id":790,"href":"https:\/\/altzaxxi.org\/index.php\/wp-json\/wp\/v2\/posts\/436\/revisions\/790"}],"wp:featuredmedia":[{"embeddable":true,"href":"https:\/\/altzaxxi.org\/index.php\/wp-json\/wp\/v2\/media\/623"}],"wp:attachment":[{"href":"https:\/\/altzaxxi.org\/index.php\/wp-json\/wp\/v2\/media?parent=436"}],"wp:term":[{"taxonomy":"category","embeddable":true,"href":"https:\/\/altzaxxi.org\/index.php\/wp-json\/wp\/v2\/categories?post=436"},{"taxonomy":"post_tag","embeddable":true,"href":"https:\/\/altzaxxi.org\/index.php\/wp-json\/wp\/v2\/tags?post=436"}],"curies":[{"name":"wp","href":"https:\/\/api.w.org\/{rel}","templated":true}]}}