{"id":798,"date":"2024-10-02T11:56:00","date_gmt":"2024-10-02T09:56:00","guid":{"rendered":"https:\/\/altzaxxi.org\/?p=798"},"modified":"2024-11-30T15:01:29","modified_gmt":"2024-11-30T14:01:29","slug":"los-principios-urbanisticos-no-se-votan","status":"publish","type":"post","link":"https:\/\/altzaxxi.org\/index.php\/es\/2024\/10\/02\/los-principios-urbanisticos-no-se-votan\/","title":{"rendered":"Los principios urban\u00edsticos no se votan."},"content":{"rendered":"\n<p>Se dice del urbanismo que es una funci\u00f3n p\u00fablica. Quiere ello decir que <strong>la ordenaci\u00f3n de la ciudad y el espacio debe hacerse conforme a un marco normativo, a unas leyes y unos principios que no son opinables.<\/strong> De esa manera, en la redacci\u00f3n de un plan general se ha de <strong>respetar las normas medioambientales y los criterios del desarrollo sostenible, la protecci\u00f3n de los ecosistemas para combatir el cambio clim\u00e1tico, las prescripciones sobre restauraci\u00f3n de la naturaleza y protecci\u00f3n de la biodiversidad del consejo europeo, la necesidad de preservar el \u00e1mbito rural de la artificializaci\u00f3n y urbanizaci\u00f3n para que se pueda destinar a la recuperaci\u00f3n de la soberan\u00eda alimentaria.<\/strong><\/p>\n\n\n\n<p>De hecho, la propia ley urban\u00edstica ordena posibilitar el mantenimiento de la funci\u00f3n primaria del territorio como base de la protecci\u00f3n de los valores ambientales. En una palabra, la preservaci\u00f3n del \u00e1mbito rural.<\/p>\n\n\n\n<p>En definitiva, el ayuntamiento tiene el deber de respetar y hacer respetar esos principios del urbanismo sostenible de manera que no podr\u00eda someterse a votaci\u00f3n un proyecto que no cumpliese esos principios, tal y como no se puede someter a votaci\u00f3n si vamos a respetar los derechos de las personas o no.<\/p>\n\n\n\n<p>Por ello, resulta incomprensible que en fase de presentaci\u00f3n del avance del Plan General de Donostia, la concejala de urbanismo plantee someter a votaci\u00f3n si el proyecto de Auditz-Akular se debe hacer o no.<\/p>\n\n\n\n<p>No se puede consentir al gobierno municipal que pretenda ampararse en un voto que mayoritariamente no va a ser ni informado ni consciente para ocupar 100 hect\u00e1reas de suelo rural en estado virgen y con una biodiversidad remarcable.<\/p>\n\n\n\n<p>Y todo porque hace 25 a\u00f1os se compraron terrenos y el alcalde sr. Goya ha manifestado que algo habr\u00e1 que hacer con la inversi\u00f3n realizada. Pues lo tiene muy f\u00e1cil, <strong>el mantenimiento de su car\u00e1cter rural parcialmente compatible con un gran parque, al estilo del de Ametzagaina, para la castigada e infradotada comunidad altzatarra<\/strong> \u00a1\u00a1<\/p>\n\n\n\n<p>El ayuntamiento debe pensar que esa decisi\u00f3n estar\u00eda m\u00e1s que justificada pues, como el propio avance describe, el Distrito Este presenta las mayores carencias de equipamientos, problemas de movilidad, renta m\u00e1s baja y paro m\u00e1s alto, menos esperanza de vida, generalizaci\u00f3n de barrios dormitorio y mayor concentraci\u00f3n de suelos potencialmente contaminados, adem\u00e1s de la peor situaci\u00f3n con respecto al euskara.<\/p>\n\n\n\n<p>El mantenimiento como suelo rural para la protecci\u00f3n de arroyos es una opci\u00f3n que el avance contiene y ha desechado pero es la \u00fanica que respeta los principios de obligado cumplimiento. En este caso, no hace falta votar si los pol\u00edticos municipales cumplen con su labor.<\/p>\n\n\n\n<p>ALTZA XXI HERRI EKIMENA                 2 de octubre 2024<\/p>\n\n\n\n<p><\/p>\n","protected":false},"excerpt":{"rendered":"<p>La ordenaci\u00f3n de la ciudad y el espacio debe hacerse conforme a unos principios que no son opinables. La protecci\u00f3n de los ecosistemas no es cuestionable.<br \/>\nAuditz-Akular es un ecosistema a proteger.<\/p>\n","protected":false},"author":1,"featured_media":799,"comment_status":"open","ping_status":"open","sticky":false,"template":"","format":"standard","meta":{"footnotes":""},"categories":[30,82],"tags":[],"class_list":["post-798","post","type-post","status-publish","format-standard","has-post-thumbnail","hentry","category-opinion-noticias","category-plan-general"],"_links":{"self":[{"href":"https:\/\/altzaxxi.org\/index.php\/wp-json\/wp\/v2\/posts\/798","targetHints":{"allow":["GET"]}}],"collection":[{"href":"https:\/\/altzaxxi.org\/index.php\/wp-json\/wp\/v2\/posts"}],"about":[{"href":"https:\/\/altzaxxi.org\/index.php\/wp-json\/wp\/v2\/types\/post"}],"author":[{"embeddable":true,"href":"https:\/\/altzaxxi.org\/index.php\/wp-json\/wp\/v2\/users\/1"}],"replies":[{"embeddable":true,"href":"https:\/\/altzaxxi.org\/index.php\/wp-json\/wp\/v2\/comments?post=798"}],"version-history":[{"count":3,"href":"https:\/\/altzaxxi.org\/index.php\/wp-json\/wp\/v2\/posts\/798\/revisions"}],"predecessor-version":[{"id":804,"href":"https:\/\/altzaxxi.org\/index.php\/wp-json\/wp\/v2\/posts\/798\/revisions\/804"}],"wp:featuredmedia":[{"embeddable":true,"href":"https:\/\/altzaxxi.org\/index.php\/wp-json\/wp\/v2\/media\/799"}],"wp:attachment":[{"href":"https:\/\/altzaxxi.org\/index.php\/wp-json\/wp\/v2\/media?parent=798"}],"wp:term":[{"taxonomy":"category","embeddable":true,"href":"https:\/\/altzaxxi.org\/index.php\/wp-json\/wp\/v2\/categories?post=798"},{"taxonomy":"post_tag","embeddable":true,"href":"https:\/\/altzaxxi.org\/index.php\/wp-json\/wp\/v2\/tags?post=798"}],"curies":[{"name":"wp","href":"https:\/\/api.w.org\/{rel}","templated":true}]}}