{"id":891,"date":"2024-11-15T18:40:15","date_gmt":"2024-11-15T17:40:15","guid":{"rendered":"https:\/\/altzaxxi.org\/?p=891"},"modified":"2025-01-18T14:07:37","modified_gmt":"2025-01-18T13:07:37","slug":"parque-harria-merece-la-pena-luchar","status":"publish","type":"post","link":"https:\/\/altzaxxi.org\/index.php\/es\/2024\/11\/15\/parque-harria-merece-la-pena-luchar\/","title":{"rendered":"Parque Harria: merece la pena luchar."},"content":{"rendered":"\n<figure class=\"wp-block-embed is-type-wp-embed is-provider-irutxuloko-hitza wp-block-embed-irutxuloko-hitza\"><div class=\"wp-block-embed__wrapper\">\n<blockquote class=\"wp-embedded-content\" data-secret=\"3oRRMujggH\"><a href=\"https:\/\/irutxulo.hitza.eus\/2024\/11\/15\/hilari-villahoz-harrian-parkea-egitea-lortu-zuen-emakumea\/\">Hilari Villahoz: Harrian parkea egitea lortu zuen emakumea<\/a><\/blockquote><iframe loading=\"lazy\" class=\"wp-embedded-content\" sandbox=\"allow-scripts\" security=\"restricted\" style=\"position: absolute; visibility: hidden;\" title=\"&#8220;Hilari Villahoz: Harrian parkea egitea lortu zuen emakumea&#8221; &#8212; Irutxuloko Hitza\" src=\"https:\/\/irutxulo.hitza.eus\/2024\/11\/15\/hilari-villahoz-harrian-parkea-egitea-lortu-zuen-emakumea\/embed\/#?secret=wbGD1SC49a#?secret=3oRRMujggH\" data-secret=\"3oRRMujggH\" width=\"600\" height=\"338\" frameborder=\"0\" marginwidth=\"0\" marginheight=\"0\" scrolling=\"no\"><\/iframe>\n<\/div><\/figure>\n\n\n\n<p>&#8212;ART\u00cdCULO ORIGINAL PUBLICADO EN HIRUTXULOKO HITZA POR BE\u00d1AT PARRA&#8212; <a href=\"https:\/\/irutxulo.hitza.eus\/2024\/11\/15\/hilari-villahoz-harrian-parkea-egitea-lortu-zuen-emakumea\/\">https:\/\/irutxulo.hitza.eus\/2024\/11\/15\/hilari-villahoz-harrian-parkea-egitea-lortu-zuen-emakumea\/<\/a><\/p>\n\n\n\n<p>&#8212;AQU\u00cd TRADUCCI\u00d3N AL CASTELLANO&#8212;<\/p>\n\n\n\n<p><strong><em>HILARI VILLAHOZ: LA MUJER QUE CONSIGUI\u00d3 QUE EN HARRIA SE HICIERA EL PARQUE.<\/em><\/strong>  <\/p>\n\n\n\n<p><em>El parque Harria es el principal espacio libre de Altza, el que los vecinos tienen como referencia.<\/em> <em>En cambio, hab\u00eda ocho torres de viviendas previstas en la zona, y el parque se consigui\u00f3 gracias a la lucha ciudadana; la lucha iniciada por Hilari Villahoz.<\/em><\/p>\n\n\n\n<p>Nada m\u00e1s entrar en casa de Hilari Villahoz (Cevico Navero, Palencia, Espa\u00f1a, 1935), el periodista que firma este reportaje ha encontrado en el sal\u00f3n un trozo de historia de Altza: decenas de recortes de <em>Egin<\/em> y <em>El Diario Vasco<\/em> de 1986 a 1992, guardados durante a\u00f1os en una vieja carpeta. Todos tienen una cosa en com\u00fan: son recortes de peri\u00f3dicos de noticias sobre Altza; en especial, de noticias y reportajes sobre el parque Harria.<br><br>Y es que Villahoz es una luchadora incansable por Altza. Sobre todo, luch\u00f3 por el actual parque de Harria, y todos esos fragmentos de peri\u00f3dico son una muestra de la evoluci\u00f3n de esa lucha.<br><\/p>\n\n\n\n<figure class=\"wp-block-image size-large\"><img loading=\"lazy\" decoding=\"async\" width=\"1024\" height=\"599\" src=\"https:\/\/altzaxxi.org\/wp-content\/uploads\/2024\/11\/image-1024x599.png\" alt=\"\" class=\"wp-image-897\" srcset=\"https:\/\/altzaxxi.org\/wp-content\/uploads\/2024\/11\/image-1024x599.png 1024w, https:\/\/altzaxxi.org\/wp-content\/uploads\/2024\/11\/image-300x176.png 300w, https:\/\/altzaxxi.org\/wp-content\/uploads\/2024\/11\/image-768x449.png 768w, https:\/\/altzaxxi.org\/wp-content\/uploads\/2024\/11\/image.png 1200w\" sizes=\"auto, (max-width: 1024px) 100vw, 1024px\" \/><figcaption class=\"wp-element-caption\"><strong><em>La altzatarra Hilari Villahoz, con un trozo de peri\u00f3dico de la inauguraci\u00f3n del parque Harria, que guarda decenas de fragmentos de peri\u00f3dicos de la \u00e9poca.  Foto: Be\u00f1at Parra<\/em><\/strong><\/figcaption><\/figure>\n\n\n\n<p><br><strong>Harria y  la selva<\/strong><br><br>En la zona en la que actualmente se ubica el parque Harria, exist\u00eda una importante casa solar Arriaga desde la Baja Edad Media \u2014 cuya primera menci\u00f3n data de 1465 \u2014, pero a principios de la d\u00e9cada de 1980 estaba totalmente abandonada: \u00abCuando \u00e9ramos peque\u00f1as, ten\u00edamos dos zonas de juego en Altza: la selva y las tierras movedizas. La selva era el actual parque Harria y el otro era una zona contigua al actual polideportivo, llena de restos de la f\u00e1brica de uralita, as\u00ed que imag\u00ednate cu\u00e1l era la situaci\u00f3n del barrio\u00bb, recuerda Isa Pac, hija de Villahoz y miembro de la plataforma Altza XXI.<br><br>Villahoz cuenta que la zona de Harria estaba lleno de jeringuillas \u2014 era la \u00e9poca en que la hero\u00edna estaba golpeando fuerte \u2014, hab\u00eda muchas ratas, hab\u00eda mucha basura tirada, etc\u00e9tera. \u00abAltza era un barrio sin ley. Hab\u00eda de todo en esa zona: suciedad, algunas huertas&#8230; \u00a1hasta ovejas puso uno! Le cantaba desde la ventana <em>Tengo una ovejita lucera<\/em>\u00bb, recuerda la altzatarra.<\/p>\n\n\n\n<p>Su casa daba a la finca que hoy en d\u00eda es el parque Harria, y harta de ver esa escena todos los d\u00edas \u2014 llegaron a hacer el esfuerzo de contratar a un trabajador para limpiar la zona entre las casas de alrededor \u2014, Villahoz empez\u00f3 a luchar por construir un parque all\u00ed: \u00abEn Altza no hab\u00eda un parque en condiciones y me pareci\u00f3 que esa zona pod\u00eda ser ideal\u00bb, recuerda. As\u00ed que empez\u00f3 por su cuenta, a partir de 1983: \u00abMe dediqu\u00e9 a recoger firmas casa por casa, adem\u00e1s de entregar unas fotos de la zona y una carta a la concejala del barrio, Iluminada Soto. Pero viendo que el tema no se mov\u00eda, junto a dos o tres mujeres del barrio, decid\u00ed ir al ayuntamiento\u00bb. All\u00ed, seg\u00fan ha contado, se encontr\u00f3 con el alcalde, Ram\u00f3n Labayen, que le inform\u00f3 de la situaci\u00f3n: \u00abMe dijo que al d\u00eda siguiente ir\u00eda al barrio; al final vino dos d\u00edas despu\u00e9s. Justo despu\u00e9s de que yo se lo dijera; \u00a1casualidad !\u00bb.<\/p>\n\n\n\n<p>Labayen fue a Altza, pero el problema no fue tan f\u00e1cil de solucionar, y los altzatarras se organizaron en la Coordinadora de Altza: \u00abEmpec\u00e9 por mi cuenta, pero algunos vecinos tuvieron noticias m\u00edas y creamos la coordinadora\u00bb. En la organizaci\u00f3n, adem\u00e1s del tema del parque Harria, trabajaban en campa\u00f1as contra la droga, necesidades diversas del barrio y dem\u00e1s. Al mismo tiempo, Villahoz no paraba de tocar las puertas del alcalde y de diversos concejales \u2014 ha nombrado, sobre todo, a F\u00e9lix Soto de HB, Enrique Arana de EA y Gregorio Ord\u00f3\u00f1ez del PP \u2014, ir a la radio a hablar, realizar actos callejeros, etc: \u00abNosotras quer\u00edamos que all\u00ed se hiciera un parque\u00bb.<\/p>\n\n\n\n<figure class=\"wp-block-image size-full\"><img loading=\"lazy\" decoding=\"async\" width=\"1000\" height=\"667\" src=\"https:\/\/altzaxxi.org\/wp-content\/uploads\/2024\/11\/image-1.png\" alt=\"\" class=\"wp-image-899\" srcset=\"https:\/\/altzaxxi.org\/wp-content\/uploads\/2024\/11\/image-1.png 1000w, https:\/\/altzaxxi.org\/wp-content\/uploads\/2024\/11\/image-1-300x200.png 300w, https:\/\/altzaxxi.org\/wp-content\/uploads\/2024\/11\/image-1-768x512.png 768w\" sizes=\"auto, (max-width: 1000px) 100vw, 1000px\" \/><figcaption class=\"wp-element-caption\"><strong><em>El parque Harria de Altza es, en la actualidad, el principal y m\u00e1s utilizado espacio libre del barrio. <br>Foto: Be\u00f1at Parra<\/em><\/strong><\/figcaption><\/figure>\n\n\n\n<p><strong>Estaban previstas unas torres<\/strong><\/p>\n\n\n\n<p><a><\/a>Cuando empezaron a luchar por el parque Harria, Villahoz y sus compa\u00f1eros desconoc\u00edan lo que all\u00ed estaba planteado: desde el plan general de ordenaci\u00f3n urbana (PGOU) de 1950, estaban previstas ocho torres de viviendas. \u00abEl tema estaba bastante secreto. Sin embargo, de vez en cuando se o\u00eda algo sobre el proyecto y mi madre se enfadaba y empezaba a hacer llamadas\u00bb, recuerda la hija. Aunque no empezaron luchando expresamente contra las torres, el tema de las torres llev\u00f3 a los vecinos a luchar a\u00fan m\u00e1s, ya que, como destaca Pac, \u00abno pararon de luchar por el parque. En el Altza de entonces, que no ten\u00eda ning\u00fan espacio libre, la construcci\u00f3n de ocho torres en el centro era excesiva\u00bb.<\/p>\n\n\n\n<figure class=\"wp-block-image size-full\"><img loading=\"lazy\" decoding=\"async\" width=\"1000\" height=\"707\" src=\"https:\/\/altzaxxi.org\/wp-content\/uploads\/2024\/11\/image-2.png\" alt=\"\" class=\"wp-image-900\" srcset=\"https:\/\/altzaxxi.org\/wp-content\/uploads\/2024\/11\/image-2.png 1000w, https:\/\/altzaxxi.org\/wp-content\/uploads\/2024\/11\/image-2-300x212.png 300w, https:\/\/altzaxxi.org\/wp-content\/uploads\/2024\/11\/image-2-768x543.png 768w\" sizes=\"auto, (max-width: 1000px) 100vw, 1000px\" \/><figcaption class=\"wp-element-caption\"><strong>Plano de Altza en el Plan General de San Sebasti\u00e1n de 1950. El actual parque de Harria es una zona marcada en verde en la que se pueden ver las torres previstas. Por otro lado, est\u00e1 marcada en amarillo gran parte de Auditz Akular, con viviendas tambi\u00e9n.<\/strong><\/figcaption><\/figure>\n\n\n\n<p><a><\/a>Villahoz ha recordado que fue el gobierno municipal de Labayen (1983-1987) el que inici\u00f3 el proceso de expropiaci\u00f3n del terreno, aunque la autorizaci\u00f3n del Gobierno Vasco no lleg\u00f3 hasta 1989; antes, en 1987, se produjo el incendio en la casa Arriaga, ya abandonada, y la zona se degrad\u00f3 a\u00fan m\u00e1s. Cuando se materializ\u00f3 la expropiaci\u00f3n y se redact\u00f3 el proyecto, Xabier Albistur era el alcalde de la ciudad (1987-1991). Finalmente, el parque se inaugur\u00f3 poco despu\u00e9s de que Od\u00f3n Elorza asumiera la alcald\u00eda, el 9 de mayo de 1992. \u00abEl parque reivindicado durante nueve a\u00f1os\u00bb, recog\u00eda <em>Egin <\/em>en su cr\u00f3nica el d\u00eda despu\u00e9s..<br><br>A la pregunta de qu\u00e9 sinti\u00f3 al ver inaugurado el parque, Villahoz responde con claridad: \u00abDescanso\u00bb. Asimismo, ha contado una curiosidad: \u00abHoy en d\u00eda, el escudo que est\u00e1 colocado en el parque, que pertenec\u00eda al caser\u00edo Arriaga, estuvo tirado en el suelo durante mucho tiempo. Otro vecino y yo lo llevamos de all\u00ed \u2014 con dificultad, porque pesaba much\u00edsimo \u2014 y les dijimos a los trabajadores municipales que lo ten\u00edamos nosotros, para hacer algo con \u00e9l cuando quisieran\u00bb.<\/p>\n\n\n\n<figure class=\"wp-block-image size-full\"><img loading=\"lazy\" decoding=\"async\" width=\"1000\" height=\"667\" src=\"https:\/\/altzaxxi.org\/wp-content\/uploads\/2024\/11\/image-3.png\" alt=\"\" class=\"wp-image-901\" srcset=\"https:\/\/altzaxxi.org\/wp-content\/uploads\/2024\/11\/image-3.png 1000w, https:\/\/altzaxxi.org\/wp-content\/uploads\/2024\/11\/image-3-300x200.png 300w, https:\/\/altzaxxi.org\/wp-content\/uploads\/2024\/11\/image-3-768x512.png 768w\" sizes=\"auto, (max-width: 1000px) 100vw, 1000px\" \/><figcaption class=\"wp-element-caption\"><strong><em>Escudo del Caser\u00edo Arriaga colocado hoy en d\u00eda en la parte alta del parque Harria. Foto: Inaxio Esnaola<\/em><\/strong><\/figcaption><\/figure>\n\n\n\n<p><strong>Los frutos de la lucha<\/strong><\/p>\n\n\n\n<p><a><\/a>Cost\u00f3, pero los altzatarras consiguieron construir un parque para el barrio en la parcela de la casa solar Arriaga; si no se hubieran movido, \u00bfhabr\u00eda abandonado el ayuntamiento el proyecto de las torres?<br><br>En el PGOU de 1950, adem\u00e1s de en las torres de Harria, estaba prevista la construcci\u00f3n de viviendas en Auditz Akular; precisamente, el anticipo del PGOU que ahora se est\u00e1 revisando recoge la destrucci\u00f3n de esa zona verde y la construcci\u00f3n de 3.000 viviendas en ella: \u00ab\u00a1Ahora les toca a estas luchar contra ello y, no creas, yo tambi\u00e9n estoy con ellas!\u00bb, dice Villahoz, en referencia a su hija, que est\u00e1 volcada con Altza XXI. Con el parque Harria, Altza gan\u00f3 un espacio libre significativo, pero en este y otros sentidos, el barrio sigue teniendo grandes necesidades que no se cubrir\u00e1n con m\u00e1s viviendas. Y el trabajo de Villahoz y sus compa\u00f1eros demuestra que se puede conseguir cambiar lo que est\u00e1 escrito en los documentos.<\/p>\n","protected":false},"excerpt":{"rendered":"<p>En el actual parque de Harria hab\u00eda proyectadas 8 torres y gracias a la lucha ciudadana se consigui\u00f3 construir el parque. Esto indica que es posible modificar lo que est\u00e1 escrito en los documentos.<\/p>\n","protected":false},"author":1,"featured_media":887,"comment_status":"open","ping_status":"open","sticky":false,"template":"","format":"standard","meta":{"footnotes":""},"categories":[30],"tags":[],"class_list":["post-891","post","type-post","status-publish","format-standard","has-post-thumbnail","hentry","category-opinion-noticias"],"_links":{"self":[{"href":"https:\/\/altzaxxi.org\/index.php\/wp-json\/wp\/v2\/posts\/891","targetHints":{"allow":["GET"]}}],"collection":[{"href":"https:\/\/altzaxxi.org\/index.php\/wp-json\/wp\/v2\/posts"}],"about":[{"href":"https:\/\/altzaxxi.org\/index.php\/wp-json\/wp\/v2\/types\/post"}],"author":[{"embeddable":true,"href":"https:\/\/altzaxxi.org\/index.php\/wp-json\/wp\/v2\/users\/1"}],"replies":[{"embeddable":true,"href":"https:\/\/altzaxxi.org\/index.php\/wp-json\/wp\/v2\/comments?post=891"}],"version-history":[{"count":5,"href":"https:\/\/altzaxxi.org\/index.php\/wp-json\/wp\/v2\/posts\/891\/revisions"}],"predecessor-version":[{"id":906,"href":"https:\/\/altzaxxi.org\/index.php\/wp-json\/wp\/v2\/posts\/891\/revisions\/906"}],"wp:featuredmedia":[{"embeddable":true,"href":"https:\/\/altzaxxi.org\/index.php\/wp-json\/wp\/v2\/media\/887"}],"wp:attachment":[{"href":"https:\/\/altzaxxi.org\/index.php\/wp-json\/wp\/v2\/media?parent=891"}],"wp:term":[{"taxonomy":"category","embeddable":true,"href":"https:\/\/altzaxxi.org\/index.php\/wp-json\/wp\/v2\/categories?post=891"},{"taxonomy":"post_tag","embeddable":true,"href":"https:\/\/altzaxxi.org\/index.php\/wp-json\/wp\/v2\/tags?post=891"}],"curies":[{"name":"wp","href":"https:\/\/api.w.org\/{rel}","templated":true}]}}