{"id":923,"date":"2024-12-03T15:48:08","date_gmt":"2024-12-03T14:48:08","guid":{"rendered":"https:\/\/altzaxxi.org\/?p=923"},"modified":"2024-12-08T08:20:26","modified_gmt":"2024-12-08T07:20:26","slug":"ha-llegado-el-momento-de-movilizarse","status":"publish","type":"post","link":"https:\/\/altzaxxi.org\/index.php\/es\/2024\/12\/03\/ha-llegado-el-momento-de-movilizarse\/","title":{"rendered":"Ha llegado el momento de movilizarse"},"content":{"rendered":"\n<figure class=\"wp-block-image size-large\"><img loading=\"lazy\" decoding=\"async\" width=\"1024\" height=\"958\" src=\"http:\/\/altzaxxi.org\/wp-content\/uploads\/2024\/12\/REGENERACION-1024x958.jpg\" alt=\"\" class=\"wp-image-920\" srcset=\"https:\/\/altzaxxi.org\/wp-content\/uploads\/2024\/12\/REGENERACION-1024x958.jpg 1024w, https:\/\/altzaxxi.org\/wp-content\/uploads\/2024\/12\/REGENERACION-300x281.jpg 300w, https:\/\/altzaxxi.org\/wp-content\/uploads\/2024\/12\/REGENERACION-768x718.jpg 768w, https:\/\/altzaxxi.org\/wp-content\/uploads\/2024\/12\/REGENERACION.jpg 1205w\" sizes=\"auto, (max-width: 1024px) 100vw, 1024px\" \/><\/figure>\n\n\n\n<p><strong>SUGERENCIA AL PLAN GENERAL DE DONOSTIA POR SER DESEQUILIBRADO E INSOSTENIBLE PARA ALTZA Y EL DISTRITO ESTE<\/strong><\/p>\n\n\n\n<p>&#8211; <strong>El Plan no responde a las necesidades de Altza y, adem\u00e1s, agravar\u00e1 la situaci\u00f3n de fuerte desequilibrio respecto a la ciudad<\/strong>. En todo Donostia se quieren construir cerca de 10.000 viviendas, <strong>la mitad de ellas estar\u00edan concentradas en Altza.<\/strong><\/p>\n\n\n\n<p>&#8211; <strong>En el Distrito Este (Altza, Intxaurrondo, Mirakruz-Bidebieta) se proyecta construir un total de 5.360 nuevas viviendas<\/strong>. En Altza se har\u00edan 4.105 y de ellas 3.249 est\u00e1n previstas en la macrourbanizaci\u00f3n de Auditz- Akular y Esnabide; y otras 856 repartidas por distintos barrios de Altza, como Jolastokieta (Zardoya-Otis), Oleta, Alfe, Erroteta, Txingurri y Herrera. En Intxaurrondo 1.255 viviendas m\u00e1s. Ninguna en Bidebieta.<\/p>\n\n\n\n<p>&#8211; <strong>En Altza las nuevas viviendas supondr\u00edan hacer un 50% m\u00e1s de las que ya hay, <\/strong>que en la actualidad hay 8.246 (2019). Ello agravar\u00e1 a\u00fan m\u00e1s la situaci\u00f3n de nuestros barrios, los m\u00e1s altamente densificados de la ciudad sin m\u00e1s zona verde que el parque Arria.<\/p>\n\n\n\n<p>&#8211; Si calculamos 2,5 personas por vivienda nueva <strong>en Altza,<\/strong> <strong>la nueva poblaci\u00f3n ascender\u00eda a 10.262<\/strong> <strong>personas<\/strong>, es decir, <strong>aumentar\u00eda m\u00e1s del 50% la poblaci\u00f3n actual, &nbsp;<\/strong>de 20.258 habitantes en la actualidad (2019) <strong>pasar\u00edamos a ser m\u00e1s de 30.000.<\/strong><\/p>\n\n\n\n<p>&#8211; <strong>Este Plan<\/strong> <strong>no invierte en solucionar insuficiencias actuales, hist\u00f3ricas, de Altza y el Distrito Este, que se agravar\u00e1n en el futuro: <\/strong>escasez de espacios libres y zonas verdes, de equipamientos sanitarios, asistenciales, culturales, educativos, deportivos, aparcamientos, problemas graves de accesibilidad y movilidad,\u2026 \u00a1quieren que sigamos siendo una zona de la periferia de tercera clase!<strong> \u00a1Necesitamos una regeneraci\u00f3n de nuestros barrios!<\/strong><\/p>\n\n\n\n<p><strong>&#8211; Este dise\u00f1o del Plan en Altza no responde a lo que dice en su propia filosof\u00eda y mucho menos satisface las necesidades de nuestros barrios; no se puede ocupar Auditz-Akular, es lo que queda de nuestra zona rural, no urbanizada, singular; \u00a1 nuestro pulm\u00f3n verde !<\/strong><\/p>\n\n\n\n<p><strong>&#8211; La vivienda que necesita Donostia es protegida, no libre, y tiene que intercalarse en toda la ciudad, en edificios actualmente vac\u00edos y en todos los barrios y zonas, no concentrarse en ghetos.<\/strong><\/p>\n\n\n\n<p><em>Altzako Historia Mintegia (AHM), Altza XXI Herri Ekimena; asociaciones vecinales de Altza, Elkartasuna, Buenavista, Gure Bidea, Herripe, Lodabe (Lorete-Darieta-Berra), Oleta, Osteguna; de Bidebieta Bideak; de Intxaurrondo IZBE, Marruelkar e Intxaurdi; asociaciones culturales Altzania y Showtime; Bizarrain euskara elkartea; asociaciones de mujeres y feministas Intxaurrondo Berri, Ostadar, Elkartea Berri, Plazandreok.<\/em><\/p>\n","protected":false},"excerpt":{"rendered":"<p>20 asociaciones del distrito este (Altza, Bidebieta, Intxaurrondo) convocamos una concentraci\u00f3n para decir no a este Plan General y S\u00cd a la Regenereaci\u00f3n de nuestros barrios.<\/p>\n","protected":false},"author":1,"featured_media":921,"comment_status":"open","ping_status":"open","sticky":false,"template":"","format":"standard","meta":{"footnotes":""},"categories":[94,82],"tags":[],"class_list":["post-923","post","type-post","status-publish","format-standard","has-post-thumbnail","hentry","category-convocatoriasxxx","category-plan-general"],"_links":{"self":[{"href":"https:\/\/altzaxxi.org\/index.php\/wp-json\/wp\/v2\/posts\/923","targetHints":{"allow":["GET"]}}],"collection":[{"href":"https:\/\/altzaxxi.org\/index.php\/wp-json\/wp\/v2\/posts"}],"about":[{"href":"https:\/\/altzaxxi.org\/index.php\/wp-json\/wp\/v2\/types\/post"}],"author":[{"embeddable":true,"href":"https:\/\/altzaxxi.org\/index.php\/wp-json\/wp\/v2\/users\/1"}],"replies":[{"embeddable":true,"href":"https:\/\/altzaxxi.org\/index.php\/wp-json\/wp\/v2\/comments?post=923"}],"version-history":[{"count":5,"href":"https:\/\/altzaxxi.org\/index.php\/wp-json\/wp\/v2\/posts\/923\/revisions"}],"predecessor-version":[{"id":960,"href":"https:\/\/altzaxxi.org\/index.php\/wp-json\/wp\/v2\/posts\/923\/revisions\/960"}],"wp:featuredmedia":[{"embeddable":true,"href":"https:\/\/altzaxxi.org\/index.php\/wp-json\/wp\/v2\/media\/921"}],"wp:attachment":[{"href":"https:\/\/altzaxxi.org\/index.php\/wp-json\/wp\/v2\/media?parent=923"}],"wp:term":[{"taxonomy":"category","embeddable":true,"href":"https:\/\/altzaxxi.org\/index.php\/wp-json\/wp\/v2\/categories?post=923"},{"taxonomy":"post_tag","embeddable":true,"href":"https:\/\/altzaxxi.org\/index.php\/wp-json\/wp\/v2\/tags?post=923"}],"curies":[{"name":"wp","href":"https:\/\/api.w.org\/{rel}","templated":true}]}}